{"id":7838,"date":"2021-11-02T09:39:51","date_gmt":"2021-11-02T09:39:51","guid":{"rendered":"https:\/\/www.wittib-law.ch\/Anwaltskanzlei-in-zuerich\/?p=7838"},"modified":"2021-11-04T18:48:32","modified_gmt":"2021-11-04T18:48:32","slug":"anwalt-anwaeltin-fuer-immobilien-sachenrecht-und-immobilarsachenrecht","status":"publish","type":"post","link":"https:\/\/www.wittib-law.ch\/Anwaltskanzlei-in-zuerich\/anwalt-anwaeltin-fuer-immobilien-sachenrecht-und-immobilarsachenrecht\/","title":{"rendered":"Anwalt \/ Anw\u00e4ltin f\u00fcr Immobilien \/ Sachenrecht und Immobilarsachenrecht"},"content":{"rendered":"\n<p>Suchen Sie einen Anwalt f\u00fcr Immobilien und Sachenrecht? Die Rechtsanw\u00e4lte unserer Advokatur sind erfahrene Experten, wenn es um Rechtsbelange rund um das Immobilien- und Grundst\u00fccksrecht geht. Haben Sie Fragen zum&nbsp;<a href=\"https:\/\/www.wittib-law.ch\/Anwaltskanzlei-in-zuerich\/index.php\/category\/mietrecht\/\">Miteigentum,<\/a>&nbsp;Schuldbrief, Eigentum, zur Nutzniessung oder zu Pfand-, Nachbarschaftsrechtn oder&nbsp;<a href=\"https:\/\/www.wittib-law.ch\/Anwaltskanzlei-in-zuerich\/index.php\/2019\/12\/08\/anwalt-baurecht\/\">Baurecht<\/a>? Ben\u00f6tigen Sie anwaltliche Unterst\u00fctzung im Bau- oder Immobilienrecht? Dann sind Sie in unserer Kanzlei genau richtig.<\/p>\n\n\n\n<h2 class=\"wp-block-heading\" id=\"h-gesetzliche-grundlagen-des-sachenrechts-zgb-art-641-977\"><strong>Gesetzliche Grundlagen<\/strong> des Sachenrechts &#8211; <strong>ZGB Art. 641\u2013977<\/strong><\/h2>\n\n\n\n<ul class=\"wp-block-list\"><li>Rechte an Sachen <\/li><li>Eigentum (Grundeigentum, Stockwerkeigentum, Fahrniseigentum)  <\/li><li>Beschr\u00e4nkte dingliche Rechte  <\/li><li>Besitz  <\/li><li>Grundbuch<\/li><\/ul>\n\n\n\n<section id=\"section-69228319-a88e-4743-89ec-31e6a45ef12d\" class=\"wp-block-gutentor-about-block gutentor-section gutentor-about about-template4\"><div class=\"grid-container\"><div class=\"gutentor-grid-item-wrap\"><div class=\"gutentor-single-item\"><div class=\"grid-row\"><div class=\"grid-md-6 about-grid\"><div class=\"gutentor-single-item-content\"><div class=\"gutentor-about-content\"><h2 class=\"gutentor-single-item-title\">Rechtsanw\u00e4lte Immobilien <\/h2><p class=\"gutentor-single-item-desc\"><strong>Inhaberin der Kanzlei und Anw\u00e4ltin S. Wittibschlager<\/strong><br><em>Meine Kanzlei hat ihren Sitz im Herzen von\u00a0Z\u00fcrich. Ich und mein Team beraten und vertreten <\/em>Private und Unternehmen im Sachenrecht und bei Rechtsfragen zu Immobilien. Unsere Anw\u00e4lte sind Experten im Immobiliar-Sachenrecht. Wir bieten umfassende Beratung zum Grundst\u00fccksrecht an.<br><br>Gerne k\u00f6nnen Sie uns auch eine E-Mail schreiben. Unsere Anw\u00e4lte werden sich umgehend bei Ihnen melden.\u00a0<\/p><a class=\"gutentor-button gutentor-single-item-button gutentor-icon-hide\" href=\"mailto:info@wittib-law.ch\"><i class=\"gutentor-button-icon fas fa-book\"><\/i><span>E-mail<\/span><\/a><\/div><\/div><\/div><div class=\"grid-md-6 about-grid\"><div class=\"gutentor-single-item-image-box\"><div class=\"gutentor-image-thumb\"><img decoding=\"async\" class=\"normal-image\" src=\"https:\/\/www.wittib-law.ch\/Anwaltskanzlei-in-zuerich\/wp-content\/uploads\/2020\/11\/Bildschirmfoto-2020-12-03-um-15.09.24.png\" alt=\"Inhaberin der Kanzlei - Anw\u00e4ltin Schweiz\/Deutschland\"\/><\/div><\/div><\/div><\/div><\/div><\/div><\/div><\/section>\n\n\n\n<section id=\"section-32fa8c61-337b-4ece-9807-803ad7368b1d\" class=\"wp-block-gutentor-divider section-32fa8c61-337b-4ece-9807-803ad7368b1d gutentor-element gutentor-section gutentor-divider text-center\"><div class=\"grid-container\"><div class=\"gutentor-divider-box\"><span><svg xmlns=\"http:\/\/www.w3.org\/2000\/svg\" viewBox=\"0 0 240 40\" preserveAspectRatio=\"none\"><path d=\"M56.2 20c5.3-.1 10.6-.2 16-.3l16-.2c10.6-.1 21.3-.1 31.9-.2 10.6.1 21.3 0 31.9.1l16 .2c5.3.1 10.6.2 16 .3-5.3.1-10.6.2-16 .3l-16 .2c-10.6.1-21.3.1-31.9.1-10.6-.1-21.3 0-31.9-.2l-16-.2c-5.4.1-10.7 0-16-.1z\"><\/path><\/svg><\/span><\/div><\/div><\/section>\n\n\n<p class='wp-call-button-block-button wp-call-button-block-button-center'><a class='wp-call-button-in-btn' href='tel:+41435450150' style='background-color:#3b5998' ><svg x=\"0px\" y=\"0px\" width=\"459px\" height=\"459px\" viewBox=\"0 0 459 459\">\r\n\t\t\t\t<path\r\n\t\t\t\t\td=\"M91.8,198.9c35.7,71.4,96.9,130.05,168.3,168.3L316.2,311.1c7.649-7.649,17.85-10.199,25.5-5.1c28.05,10.2,58.649,15.3,91.8,15.3c15.3,0,25.5,10.2,25.5,25.5v86.7c0,15.3-10.2,25.5-25.5,25.5C193.8,459,0,265.2,0,25.5C0,10.2,10.2,0,25.5,0h89.25c15.3,0,25.5,10.2,25.5,25.5c0,30.6,5.1,61.2,15.3,91.8c2.55,7.65,0,17.85-5.1,25.5L91.8,198.9z\"\r\n\t\t\t\t\/>\r\n\t\t\t<\/svg> +41 43 545 01 50<\/a><\/p>\n\n\n<section id=\"section-b6726e6b-7ae6-4364-bb7e-87adf2efb189\" class=\"wp-block-gutentor-divider section-b6726e6b-7ae6-4364-bb7e-87adf2efb189 gutentor-element gutentor-section gutentor-divider text-center\"><div class=\"grid-container\"><div class=\"gutentor-divider-box\"><span><svg xmlns=\"http:\/\/www.w3.org\/2000\/svg\" viewBox=\"0 0 240 40\" preserveAspectRatio=\"none\"><path d=\"M56.2 20c5.3-.1 10.6-.2 16-.3l16-.2c10.6-.1 21.3-.1 31.9-.2 10.6.1 21.3 0 31.9.1l16 .2c5.3.1 10.6.2 16 .3-5.3.1-10.6.2-16 .3l-16 .2c-10.6.1-21.3.1-31.9.1-10.6-.1-21.3 0-31.9-.2l-16-.2c-5.4.1-10.7 0-16-.1z\"><\/path><\/svg><\/span><\/div><\/div><\/section>\n\n\n\n<h2 class=\"wp-block-heading\">\u00dcberblick<\/h2>\n\n\n\n<ul class=\"wp-block-list\"><li><a href=\"#h-immobilienrecht-mit-fokus-auf-das-immobiliarsachenrecht\">Immobilienrecht mit Fokus auf das Immobiliarsachenrecht<\/a><\/li><li><a href=\"#h-anwalt-immobilien-sachenrecht-setzt-ihre-interessen-durch\">Anwalt Immobilien Sachenrecht setzt Ihre Interessen durch<\/a><\/li><li><a href=\"#h-rechtsberatung-zum-immobilien-und-grundst-cksrecht\">Rechtsberatung zum Immobilien- und Grundst\u00fccksrecht<\/a><\/li><\/ul>\n\n\n\n<p>Gerne kl\u00e4ren wir Sie \u00fcber Ihre Rechte und Pflichten rund um das Thema Immobilien auf. Wir unterst\u00fctzen sowohl Privatpersonen als auch Unternehmen in allen Teilbereichen des Sachenrechts. Vereinbaren Sie noch heute einen Termin in unserer Anwaltskanzlei. Eine kompetente und umfassende Rechtsberatung bei unserem Anwalt f\u00fcr Sachenrecht ist das was Sie von uns erwarten k\u00f6nnen.<\/p>\n\n\n\n<section id=\"section-ed8a36c4-bf82-4012-92c8-25d3a660e1d8\" class=\"wp-block-gutentor-divider section-ed8a36c4-bf82-4012-92c8-25d3a660e1d8 gutentor-element gutentor-section gutentor-divider text-center\"><div class=\"grid-container\"><div class=\"gutentor-divider-box\"><span><svg xmlns=\"http:\/\/www.w3.org\/2000\/svg\" viewBox=\"0 0 240 40\" preserveAspectRatio=\"none\"><path d=\"M56.2 20c5.3-.1 10.6-.2 16-.3l16-.2c10.6-.1 21.3-.1 31.9-.2 10.6.1 21.3 0 31.9.1l16 .2c5.3.1 10.6.2 16 .3-5.3.1-10.6.2-16 .3l-16 .2c-10.6.1-21.3.1-31.9.1-10.6-.1-21.3 0-31.9-.2l-16-.2c-5.4.1-10.7 0-16-.1z\"><\/path><\/svg><\/span><\/div><\/div><\/section>\n\n\n\n<h2 class=\"wp-block-heading\" id=\"h-immobilienrecht-mit-fokus-auf-das-immobiliarsachenrecht\">Immobilienrecht mit Fokus auf das Immobiliarsachenrecht<\/h2>\n\n\n\n<p>Der Erwerb, die Ver\u00e4usserung, das Immobilienleasing und die Verm\u00f6gens\u00fcbertragung von Immobilien ist komplex und bedarf daher einer interdisziplin\u00e4ren, \u00fcberaus hohen und umfassenden immobilienrechtlichen Fachkompetenz. Das Immobilarsachenrecht stellt eine gesetzliche Grundlage dar, welche sowohl Grundst\u00fccke als auch Immobilien betreffen.<\/p>\n\n\n\n<p>Wir garantieren eine professionelle Unterst\u00fctzung bei s\u00e4mtlichen Rechtsbelangen, welche den Immobilienmarkt der Schweiz betreffen?<\/p>\n\n\n\n<p>Unsere&nbsp;<a href=\"https:\/\/www.wittib-law.ch\/Anwaltskanzlei-in-zuerich\/index.php\/2019\/11\/01\/anwaeltin-anwalt-fuer-immobilien-und-immobilienrecht-in-zuerich\/\">Immobilienrechtsexperten<\/a>&nbsp;beraten und vertreten Sie kompetent und umfassend in allen Angelegenheiten rund um das Thema der Eigentums- und Besitzrechte und auch bei allen anderen Grundst\u00fccksgesch\u00e4ften. Wir arbeiten eng mit Liegenschaftssch\u00e4tzer, Architekten, Steuerberater und Notaren zusammen. Zu unseren Klienten geh\u00f6ren u.a. auch Vermieter, Stockwerkeigent\u00fcmer oder Besitzer von privaten und gewerblichen Wohnobjekten aller Art. Gerne beraten wir Sie ausf\u00fchrlich und umfassend bez\u00fcglich aller rechtlichen und wirtschaftlichen Aspekten rund um Immobilientransaktionen. Mehrfamilienh\u00e4user, B\u00fcroimmobilien, Handelsimmobilien, Hotels, Doppeleinfamilienh\u00e4user oder Immobilien der Logistik sind Transaktionsobjekte, welche einer fundierten immobilienrechtlichen Beratung bed\u00fcrfen. Ausserdem sind wir auch f\u00fcr Mieter oder Vermieter t\u00e4tig, welche sich im Rechtsstreit befinden.<\/p>\n\n\n\n<figure class=\"wp-block-image is-style-rounded\" id=\"Anwalt-Immobiliarsachenrecht-Zuerich\"><img loading=\"lazy\" decoding=\"async\" width=\"1024\" height=\"368\" src=\"https:\/\/www.wittib-law.ch\/Anwaltskanzlei-in-zuerich\/wp-content\/uploads\/2019\/12\/Screenshot-2019-03-12-10.25.27-1024x368.png\" alt=\"Anwalt Immobilien Sachenrecht\" class=\"wp-image-653\" title=\"Anwalt f\u00fcr Immobiliarsachenrecht in Z\u00fcrich \" srcset=\"https:\/\/www.wittib-law.ch\/Anwaltskanzlei-in-zuerich\/wp-content\/uploads\/2019\/12\/Screenshot-2019-03-12-10.25.27-1024x368.png 1024w, https:\/\/www.wittib-law.ch\/Anwaltskanzlei-in-zuerich\/wp-content\/uploads\/2019\/12\/Screenshot-2019-03-12-10.25.27-300x108.png 300w, https:\/\/www.wittib-law.ch\/Anwaltskanzlei-in-zuerich\/wp-content\/uploads\/2019\/12\/Screenshot-2019-03-12-10.25.27-768x276.png 768w, https:\/\/www.wittib-law.ch\/Anwaltskanzlei-in-zuerich\/wp-content\/uploads\/2019\/12\/Screenshot-2019-03-12-10.25.27-1536x552.png 1536w, https:\/\/www.wittib-law.ch\/Anwaltskanzlei-in-zuerich\/wp-content\/uploads\/2019\/12\/Screenshot-2019-03-12-10.25.27.png 1891w\" sizes=\"auto, (max-width: 1024px) 100vw, 1024px\" \/><figcaption>Anwalt Immobilien Sachenrecht<\/figcaption><\/figure>\n\n\n<p class='wp-call-button-block-button wp-call-button-block-button-center'><a class='wp-call-button-in-btn' href='tel:+41435450150' style='background-color:#3b5998' ><svg x=\"0px\" y=\"0px\" width=\"459px\" height=\"459px\" viewBox=\"0 0 459 459\">\r\n\t\t\t\t<path\r\n\t\t\t\t\td=\"M91.8,198.9c35.7,71.4,96.9,130.05,168.3,168.3L316.2,311.1c7.649-7.649,17.85-10.199,25.5-5.1c28.05,10.2,58.649,15.3,91.8,15.3c15.3,0,25.5,10.2,25.5,25.5v86.7c0,15.3-10.2,25.5-25.5,25.5C193.8,459,0,265.2,0,25.5C0,10.2,10.2,0,25.5,0h89.25c15.3,0,25.5,10.2,25.5,25.5c0,30.6,5.1,61.2,15.3,91.8c2.55,7.65,0,17.85-5.1,25.5L91.8,198.9z\"\r\n\t\t\t\t\/>\r\n\t\t\t<\/svg> +41 43 545 01 50<\/a><\/p>\n\n\n<section id=\"section-5f9f7468-2e93-4750-b996-f06b3eaa6fed\" class=\"wp-block-gutentor-divider section-5f9f7468-2e93-4750-b996-f06b3eaa6fed gutentor-element gutentor-section gutentor-divider text-center\"><div class=\"grid-container\"><div class=\"gutentor-divider-box\"><span><svg xmlns=\"http:\/\/www.w3.org\/2000\/svg\" viewBox=\"0 0 240 40\" preserveAspectRatio=\"none\"><path d=\"M56.2 20c5.3-.1 10.6-.2 16-.3l16-.2c10.6-.1 21.3-.1 31.9-.2 10.6.1 21.3 0 31.9.1l16 .2c5.3.1 10.6.2 16 .3-5.3.1-10.6.2-16 .3l-16 .2c-10.6.1-21.3.1-31.9.1-10.6-.1-21.3 0-31.9-.2l-16-.2c-5.4.1-10.7 0-16-.1z\"><\/path><\/svg><\/span><\/div><\/div><\/section>\n\n\n\n<p>Konflikte zu Nachbarschaftsrechten oder zum Miteigentum sind in der Schweiz weit verbreitet. Streit unser Nachbarn kommt leider auch in den besten Wohngebieten vor. Bei Nachbarschaftskonflikten sollte man sich fr\u00fchzeitig an einen spezialisierten Anwalt f\u00fcr Immobilien- und Nachbarschaftsrecht wenden. Streitigkeiten k\u00f6nnen entweder mit einer Mediation oder mit einem gerichtlichen Prozess gel\u00f6st werden.<\/p>\n\n\n\n<section id=\"section-41121971-8729-4837-a11d-b03ca371ef18\" class=\"wp-block-gutentor-divider section-41121971-8729-4837-a11d-b03ca371ef18 gutentor-element gutentor-section gutentor-divider text-center\"><div class=\"grid-container\"><div class=\"gutentor-divider-box\"><span><svg xmlns=\"http:\/\/www.w3.org\/2000\/svg\" viewBox=\"0 0 240 40\" preserveAspectRatio=\"none\"><path d=\"M56.2 20c5.3-.1 10.6-.2 16-.3l16-.2c10.6-.1 21.3-.1 31.9-.2 10.6.1 21.3 0 31.9.1l16 .2c5.3.1 10.6.2 16 .3-5.3.1-10.6.2-16 .3l-16 .2c-10.6.1-21.3.1-31.9.1-10.6-.1-21.3 0-31.9-.2l-16-.2c-5.4.1-10.7 0-16-.1z\"><\/path><\/svg><\/span><\/div><\/div><\/section>\n\n\n\n<h2 class=\"wp-block-heading\" id=\"h-anwalt-immobilien-sachenrecht-setzt-ihre-interessen-durch\">Anwalt Immobilien Sachenrecht setzt Ihre Interessen durch<\/h2>\n\n\n\n<p>Wir setzen u.a. berechtigte Schadenersatzanspr\u00fcche, das Einhalten von Grenzabst\u00e4nden oder das Kapprecht von B\u00e4umen und Str\u00e4uchern f\u00fcr Sie durch. Haben Sie Fragen bez\u00fcglich Ihren Rechte und Pflichten rund die Reinigung oder Reparatur? Wollen Sie mehr \u00fcber bestimmte Dienstbarkeiten, wie die Nutzniessung, Wohn- und Baurechte, Wegerechte oder die gemeinsame Nutzniessungsbestimmung von sanit\u00e4ren Einrichtungen oder Heizungsanlagen wissen?<\/p>\n\n\n\n<p>Wir setzen Ihre Rechte durch; in erster Linie jedoch suchen wir nach einem Konsens mit tragbaren und gemein erarbeiteten L\u00f6sungen.<\/p>\n\n\n\n<section id=\"section-a83d8482-e3e8-4505-8667-d2da8159df50\" class=\"wp-block-gutentor-divider section-a83d8482-e3e8-4505-8667-d2da8159df50 gutentor-element gutentor-section gutentor-divider text-center\"><div class=\"grid-container\"><div class=\"gutentor-divider-box\"><span><svg xmlns=\"http:\/\/www.w3.org\/2000\/svg\" viewBox=\"0 0 240 40\" preserveAspectRatio=\"none\"><path d=\"M56.2 20c5.3-.1 10.6-.2 16-.3l16-.2c10.6-.1 21.3-.1 31.9-.2 10.6.1 21.3 0 31.9.1l16 .2c5.3.1 10.6.2 16 .3-5.3.1-10.6.2-16 .3l-16 .2c-10.6.1-21.3.1-31.9.1-10.6-.1-21.3 0-31.9-.2l-16-.2c-5.4.1-10.7 0-16-.1z\"><\/path><\/svg><\/span><\/div><\/div><\/section>\n\n\n\n<h2 class=\"wp-block-heading\" id=\"h-rechtsberatung-zum-immobilien-und-grundst-cksrecht\">Rechtsberatung zum Immobilien- und Grundst\u00fccksrecht<\/h2>\n\n\n\n<p>Unsere Anwaltskanzlei f\u00fcr Sachenrecht richtet Ihren Fokus auf die rechtliche Beratung und Vertretung in allen Angelegenheiten rund um Grundst\u00fccke und Immobilien. Wir unterst\u00fctzen Immobilienk\u00e4ufer, Eigent\u00fcmer sowie Verk\u00e4ufer vom Wohnbl\u00f6cken, Einfamilienh\u00e4usern, Grundst\u00fccken oder Bauparzellen.<\/p>\n\n\n\n<p>M\u00f6chten Sie einen Immobilienkaufvertrag anwaltlich pr\u00fcfen lassen oder ben\u00f6tigen Sie eine bau-, miet- oder&nbsp;<a href=\"https:\/\/www.wittiblaw.ch\/rechtsbereiche\/immobilienrecht-anmalt-fuer-immobilienrechtliche-belange\/\">immobilienrechtlich<\/a>&nbsp;Beratung? Die Berechnung von Wertquoten, die notarielle Beurkundung von Vertr\u00e4gen rund um Grundst\u00fccks- und Immobilienvertr\u00e4gen sollte schon vor der notariellen Beurkundung anwaltlich gepr\u00fcft werden.<\/p>\n\n\n\n<p>Gerne bereiten wir f\u00fcr Sie die notarielle Beglaubigungen vor, dazu geh\u00f6rt auch die Ausarbeitung s\u00e4mtlicher immobilienrechtlichen Dokumente. Schenkungs-, Kauf- oder Pachtvertr\u00e4ge m\u00fcssen von einem Immobilienanwalt gepr\u00fcft werden, bevor diese zur Unterzeichnung und zur notariellen Beglaubigung gebracht werden. Die Rechtsberatung bei Fragen zu Vorkaufsrechten, Kaufs- und Grundpfandrechten oder zu Schuldbriefen muss ein Profi sorgf\u00e4ltig und umfassend vornehmen. Lassen Sie sich von einem Profi f\u00fcr Baurecht und Immobiliarsachenrecht umfassend beraten und vertreten. Auch bei Fragen zum&nbsp;<a href=\"https:\/\/www.wittib-law.ch\/Anwaltskanzlei-in-zuerich\/index.php\/2019\/11\/23\/anwalt-anwaeltin-fuer-werkvertragsrecht\/\">Werkvertrag<\/a>&nbsp;sind wir die zentrale Anlaufstelle. Bei Fragen zur Immobilienfinanzierung k\u00f6nnen Sie sich an unsen Rechtsanwalt f\u00fcr Kapitalmarktrecht sowie Finanzrecht wenden.<\/p>\n\n\n\n<p>Ein hervorragender Anwalt f\u00fcr Immobilien- und Sachenrecht kann Ihnen entscheidend helfen?<\/p>\n\n\n\n<section id=\"section-48a4f0aa-d287-4aa7-840b-028f222c52da\" class=\"wp-block-gutentor-divider section-48a4f0aa-d287-4aa7-840b-028f222c52da gutentor-element gutentor-section gutentor-divider text-center\"><div class=\"grid-container\"><div class=\"gutentor-divider-box\"><span><svg xmlns=\"http:\/\/www.w3.org\/2000\/svg\" viewBox=\"0 0 240 40\" preserveAspectRatio=\"none\"><path d=\"M56.2 20c5.3-.1 10.6-.2 16-.3l16-.2c10.6-.1 21.3-.1 31.9-.2 10.6.1 21.3 0 31.9.1l16 .2c5.3.1 10.6.2 16 .3-5.3.1-10.6.2-16 .3l-16 .2c-10.6.1-21.3.1-31.9.1-10.6-.1-21.3 0-31.9-.2l-16-.2c-5.4.1-10.7 0-16-.1z\"><\/path><\/svg><\/span><\/div><\/div><\/section>\n\n\n<p class='wp-call-button-block-button wp-call-button-block-button-center'><a class='wp-call-button-in-btn' href='tel:+41435450150' style='background-color:#3b5998' ><svg x=\"0px\" y=\"0px\" width=\"459px\" height=\"459px\" viewBox=\"0 0 459 459\">\r\n\t\t\t\t<path\r\n\t\t\t\t\td=\"M91.8,198.9c35.7,71.4,96.9,130.05,168.3,168.3L316.2,311.1c7.649-7.649,17.85-10.199,25.5-5.1c28.05,10.2,58.649,15.3,91.8,15.3c15.3,0,25.5,10.2,25.5,25.5v86.7c0,15.3-10.2,25.5-25.5,25.5C193.8,459,0,265.2,0,25.5C0,10.2,10.2,0,25.5,0h89.25c15.3,0,25.5,10.2,25.5,25.5c0,30.6,5.1,61.2,15.3,91.8c2.55,7.65,0,17.85-5.1,25.5L91.8,198.9z\"\r\n\t\t\t\t\/>\r\n\t\t\t<\/svg> +41 43 545 01 50<\/a><\/p>\n\n\n<section id=\"section-f1278b62-d445-422c-94bf-dc810dcb659f\" class=\"wp-block-gutentor-divider section-f1278b62-d445-422c-94bf-dc810dcb659f gutentor-element gutentor-section gutentor-divider text-center\"><div class=\"grid-container\"><div class=\"gutentor-divider-box\"><span><svg xmlns=\"http:\/\/www.w3.org\/2000\/svg\" viewBox=\"0 0 240 40\" preserveAspectRatio=\"none\"><path d=\"M56.2 20c5.3-.1 10.6-.2 16-.3l16-.2c10.6-.1 21.3-.1 31.9-.2 10.6.1 21.3 0 31.9.1l16 .2c5.3.1 10.6.2 16 .3-5.3.1-10.6.2-16 .3l-16 .2c-10.6.1-21.3.1-31.9.1-10.6-.1-21.3 0-31.9-.2l-16-.2c-5.4.1-10.7 0-16-.1z\"><\/path><\/svg><\/span><\/div><\/div><\/section>\n\n\n\n<div id=\"atf\" class=\"row flex-md-row\" style=\"padding-left: 30px;\"><strong>Anwaltskanzlei Wittibschlager<\/strong><\/div>\n<p style=\"padding-left: 30px;\">Dufourstrasse 165<br> 8008 Z\u00fcrich<\/p>\n<div class=\"copyright pull-center text-center pb-md-5\" style=\"text-align: center; padding-left: 30px;\">&nbsp;<\/div>\n<div id=\"callbutton\" class=\"fixed-bottom text-center\" style=\"text-align: center;\"><a class=\"btn btn-primary\" href=\"tel:+435450150\">Vereinbaren Sie noch heute einen Termin in unserer Kanzlei<\/a><\/div>\n<div class=\"fixed-bottom text-center\" style=\"text-align: center;\"><a class=\"btn btn-primary\" href=\"tel:+435450150\"><br> 0435450150<\/a><\/div>\n<div class=\"fixed-bottom text-center\">&nbsp;<\/div>\n<div class=\"fixed-bottom text-center\">&nbsp;<\/div>\n\n\n\n<section id=\"section-e7f1e711-18e6-424d-ae0d-9ae1dbdb9647\" class=\"wp-block-gutentor-divider section-e7f1e711-18e6-424d-ae0d-9ae1dbdb9647 gutentor-element gutentor-section gutentor-divider text-center\"><div class=\"grid-container\"><div class=\"gutentor-divider-box\"><span><svg xmlns=\"http:\/\/www.w3.org\/2000\/svg\" viewBox=\"0 0 240 40\" preserveAspectRatio=\"none\"><path d=\"M56.2 20c5.3-.1 10.6-.2 16-.3l16-.2c10.6-.1 21.3-.1 31.9-.2 10.6.1 21.3 0 31.9.1l16 .2c5.3.1 10.6.2 16 .3-5.3.1-10.6.2-16 .3l-16 .2c-10.6.1-21.3.1-31.9.1-10.6-.1-21.3 0-31.9-.2l-16-.2c-5.4.1-10.7 0-16-.1z\"><\/path><\/svg><\/span><\/div><\/div><\/section>\n\n\n\n<div id=\"teamslider\" class=\"slide container-fluid\">&nbsp;<\/div>\n<div class=\"container\">\n<div id=\"procedure\">\n<h2 class=\"text-center\" style=\"text-align: center;\">Vorgehen<\/h2>\n<div class=\"procedurecontainer d-lg-flex\">\n<div class=\"info info-horizontal\" style=\"text-align: center;\">\n<div class=\"icon bg-primary mx-auto\"><strong>1<\/strong><\/div>\n<div class=\"description\">\n<p class=\"h2 text-primary text-center\"><strong>Jetzt anrufen<\/strong><\/p>\n<p class=\"text-center\">Klicken Sie einfach auf die Telefonnummer auf unser Webpage und kontaktieren Sie uns noch heute!<\/p>\n<\/div>\n<\/div>\n<div class=\"info info-horizontal\" style=\"text-align: center;\">\n<div class=\"icon bg-primary mx-auto\"><strong>2<\/strong><\/div>\n<div class=\"description\">\n<p class=\"h2 text-primary text-center\"><strong>Erstberatung erhalten<\/strong><\/p>\n<p class=\"text-center\">Beschreiben Sie Ihr Anliegen. Gerne geben wir Ihnen eine erste Einsch\u00e4tzung ab und erkl\u00e4ren Ihnen, ob und wie wir Ihnen helfen k\u00f6nnen.<\/p>\n<\/div>\n<\/div>\n<div class=\"info info-horizontal\">\n<div class=\"icon bg-primary mx-auto\" style=\"text-align: center;\"><strong>3<\/strong><\/div>\n<div class=\"description\">\n<p class=\"h2 text-primary text-center\" style=\"text-align: center;\"><strong>Klient werden!<\/strong><\/p>\n<p class=\"text-center\" style=\"text-align: center;\">Wir behandeln jedes Anliegen h\u00f6chst sensitiv &amp; vertrauensw\u00fcrdig! Wir k\u00e4mpfen f\u00fcr Ihre Intressen und setzten Ihre Anliegen durch.<\/p>\n<\/div>\n<\/div>\n<\/div>\n<\/div>\n<div class=\"text-center cta-card content-cta mx-auto pt-1 px-4 pb-4 my-5\"><a class=\"btn btn-success btn-round btn-lg\" href=\"tel:+41435450150\"> 043 545 01 50<\/a><\/div>\n<\/div>\n<footer id=\"footer\" class=\"footer footer-white footer-big\" style=\"background-size: cover; background-position: center;\" data-bgimg=\"            https:\/\/maps.googleapis.com\/maps\/api\/staticmap?center=47.375388,8.527988&amp;zoom=15&amp;size=640x300&amp;scale=2&amp;maptype=roadmap&amp;markers=color:0x015754%7C47.375388,8.524988&amp;key=AIzaSyDIeD6xUMjPsrDlU89S1bV5oXp22ARBv-I&amp;style=element:geometry.fill%7Csaturation:-100&amp;style=element:geometry.stroke%7Csaturation:-100&amp;style=element:labels.icon%7Csaturation:-100&amp;style=element:labels.text%7Csaturation:-100&amp;style=element:labels.text.fill%7Csaturation:-100&amp;style=element:labels.text.stroke%7Csaturation:-100\n\">\n<div class=\"container\">\n<div class=\"content\">\n<div class=\"row\">\n<div class=\"col-md-6\">&nbsp;<\/div>\n<div id=\"footerinfo\" class=\"col-lg-4 col-md-6\">&nbsp;<\/div>\n<div class=\"col-lg-2\">&nbsp;&nbsp;<\/div>\n<\/div>\n<\/div>\n<\/div>\n<\/footer>\n<div class=\"copyright pull-center text-center pb-md-5\">Copyright \u00a9 <a href=\"https:\/\/www.wittib-law.ch\/Anwaltskanzlei-in-zuerich\/\">Anwaltskanzlei Wittibschlager<\/a><\/div>\n<div id=\"callbutton\" class=\"fixed-bottom text-center\"><a class=\"btn btn-primary\" href=\"tel:+415450150\">Kostenlose tel. Ersteinsch\u00e4tzung<br> 043 545 01 50<\/a><\/div>\n<p><a id=\"backtotop\" title=\"Zur\u00fcck zum Seitenanfang\" href=\"#body\"><span class=\"sr-only\">Zum Seitenanfang navigieren<\/span><\/a><\/p>\n\n\n\n<section id=\"section-aa1a15da-491a-4f2c-a618-193d12b2bef2\" class=\"wp-block-gutentor-divider section-aa1a15da-491a-4f2c-a618-193d12b2bef2 gutentor-element gutentor-section gutentor-divider text-center\"><div class=\"grid-container\"><div class=\"gutentor-divider-box\"><span><svg xmlns=\"http:\/\/www.w3.org\/2000\/svg\" viewBox=\"0 0 240 40\" preserveAspectRatio=\"none\"><path d=\"M56.2 20c5.3-.1 10.6-.2 16-.3l16-.2c10.6-.1 21.3-.1 31.9-.2 10.6.1 21.3 0 31.9.1l16 .2c5.3.1 10.6.2 16 .3-5.3.1-10.6.2-16 .3l-16 .2c-10.6.1-21.3.1-31.9.1-10.6-.1-21.3 0-31.9-.2l-16-.2c-5.4.1-10.7 0-16-.1z\"><\/path><\/svg><\/span><\/div><\/div><\/section>\n\n\n\n<h2 class=\"wp-block-heading\" id=\"h-hier-finden-sie-uns-routenplaner\">Hier finden Sie uns &#8211; Routenplaner<\/h2>\n\n\n\n<div class=\"wp-block-yoast-seo-local-map\"><div id=\"map_canvas\" class=\"wpseo-map-canvas\" style=\"max-width: 100%; width: 1000px; height: 255px;\"><ul><li><a href=\"https:\/\/www.wittib-law.ch\/Anwaltskanzlei-in-zuerich\/\">Anwaltskanzlei Zuerich<\/a><\/li><\/ul><\/div><div id=\"wpseo-directions-wrapper\"><h3 id=\"wpseo-directions\" class=\"wpseo-directions-heading\">Route<\/h3><form action=\"\" method=\"post\" class=\"wpseo-directions-form\" id=\"wpseo-directions-form\" onsubmit=\"wpseo_calculate_route( wpseoMapOptions[0].map, wpseoMapOptions[0].directionsDisplay, wpseoMapOptions[0].mapVars[0], wpseoMapOptions[0].mapVars[1], 0); return false;\"><p>Deine Adresse: <input type=\"text\" size=\"20\" id=\"origin\" value=\"\" \/><input type=\"submit\" class=\"wpseo-directions-submit\" value=\"Zeige Route\"><span id=\"wpseo-noroute\" style=\"display: none;\">Es konnte keine Route berechnet werden.<\/span><\/p><\/form><div id=\"directions\"><\/div><\/div><\/div>\n\n\n\n<section id=\"section-184d1edc-4cfc-4bb4-ad37-808c39eab7cf\" class=\"wp-block-gutentor-divider section-184d1edc-4cfc-4bb4-ad37-808c39eab7cf gutentor-element gutentor-section gutentor-divider text-center\"><div class=\"grid-container\"><div class=\"gutentor-divider-box\"><span><svg xmlns=\"http:\/\/www.w3.org\/2000\/svg\" viewBox=\"0 0 240 40\" preserveAspectRatio=\"none\"><path d=\"M56.2 20c5.3-.1 10.6-.2 16-.3l16-.2c10.6-.1 21.3-.1 31.9-.2 10.6.1 21.3 0 31.9.1l16 .2c5.3.1 10.6.2 16 .3-5.3.1-10.6.2-16 .3l-16 .2c-10.6.1-21.3.1-31.9.1-10.6-.1-21.3 0-31.9-.2l-16-.2c-5.4.1-10.7 0-16-.1z\"><\/path><\/svg><\/span><\/div><\/div><\/section>\n\n\n\n<div class=\"wp-block-yoast-seo-local-address\"><div id=\"wpseo_location-\" class=\"wpseo-location\"><h3><span class=\"wpseo-business-name\">Anwaltskanzlei Zuerich<\/span><\/h3><div class=\"wpseo-address-wrapper\"><div class=\"street-address\">L\u00f6wenstrasse 43<\/div><span class=\"locality\"> Z\u00fcrich<\/span><\/div><span class=\"wpseo-phone\">Telefon: <a href=\"tel:+41435450150\" class=\"tel\"><span>+41435450150<\/span><\/a><\/span><br\/><span class=\"wpseo-email\">E-Mail: <a href=\"mailto:&#105;&#110;&#102;&#111;&#064;w&#105;&#116;&#116;&#105;b&#045;&#108;a&#119;&#046;&#099;&#104;\">&#105;nfo&#64;wi&#116;&#116;ib&#45;l&#97;&#119;.&#99;&#104;<\/a><\/span><br\/><\/div><\/div>\n\n\n\n<section id=\"section-2c8b8063-db81-4837-84f1-51e575794e34\" class=\"wp-block-gutentor-divider section-2c8b8063-db81-4837-84f1-51e575794e34 gutentor-element gutentor-section gutentor-divider text-center\"><div class=\"grid-container\"><div class=\"gutentor-divider-box\"><span><svg xmlns=\"http:\/\/www.w3.org\/2000\/svg\" viewBox=\"0 0 240 40\" preserveAspectRatio=\"none\"><path d=\"M56.2 20c5.3-.1 10.6-.2 16-.3l16-.2c10.6-.1 21.3-.1 31.9-.2 10.6.1 21.3 0 31.9.1l16 .2c5.3.1 10.6.2 16 .3-5.3.1-10.6.2-16 .3l-16 .2c-10.6.1-21.3.1-31.9.1-10.6-.1-21.3 0-31.9-.2l-16-.2c-5.4.1-10.7 0-16-.1z\"><\/path><\/svg><\/span><\/div><\/div><\/section>\n\n\n\n<h3 class=\"wp-block-heading\" id=\"h-ffnungszeiten-telefonische-erreichbarkeit\">\u00d6ffnungszeiten &#8211; telefonische Erreichbarkeit<\/h3>\n\n\n\n<div class=\"wp-block-yoast-seo-local-opening-hours\"><div class=\"wpseo-opening-hours-wrapper\"><table class=\"wpseo-opening-hours\" id =\"wpseo-opening-hours-\"><tr><td class=\"day\">Montag<\/td><td class=\"time\"><span>8:00 AM - 5:00 PM<\/span><\/td><\/tr><tr><td class=\"day\">Dienstag<\/td><td class=\"time\"><span>8:00 AM - 5:00 PM<\/span><\/td><\/tr><tr><td class=\"day\">Mittwoch<\/td><td class=\"time\"><span>8:00 AM - 5:00 PM<\/span><\/td><\/tr><tr><td class=\"day\">Donnerstag<\/td><td class=\"time\"><span>8:00 AM - 5:00 PM<\/span><\/td><\/tr><tr><td class=\"day\">Freitag<\/td><td class=\"time\"><span>8:00 AM - 5:00 PM<\/span><\/td><\/tr><tr><td class=\"day\">Samstag<\/td><td class=\"time\">Geschlossen<\/td><\/tr><tr><td class=\"day\">Sonntag<\/td><td class=\"time\">Geschlossen<\/td><\/tr><\/table><\/div><\/div>\n\n\n\n<section id=\"section-3ac96628-8acb-48c9-83dd-bed473789d3a\" class=\"wp-block-gutentor-divider section-3ac96628-8acb-48c9-83dd-bed473789d3a gutentor-element gutentor-section gutentor-divider text-center\"><div class=\"grid-container\"><div class=\"gutentor-divider-box\"><span><svg xmlns=\"http:\/\/www.w3.org\/2000\/svg\" viewBox=\"0 0 240 40\" preserveAspectRatio=\"none\"><path d=\"M56.2 20c5.3-.1 10.6-.2 16-.3l16-.2c10.6-.1 21.3-.1 31.9-.2 10.6.1 21.3 0 31.9.1l16 .2c5.3.1 10.6.2 16 .3-5.3.1-10.6.2-16 .3l-16 .2c-10.6.1-21.3.1-31.9.1-10.6-.1-21.3 0-31.9-.2l-16-.2c-5.4.1-10.7 0-16-.1z\"><\/path><\/svg><\/span><\/div><\/div><\/section>\n\n\n<p class='wp-call-button-block-button wp-call-button-block-button-center'><a class='wp-call-button-in-btn' href='tel:+41435450150' style='background-color:#3b5998' ><svg x=\"0px\" y=\"0px\" width=\"459px\" height=\"459px\" viewBox=\"0 0 459 459\">\r\n\t\t\t\t<path\r\n\t\t\t\t\td=\"M91.8,198.9c35.7,71.4,96.9,130.05,168.3,168.3L316.2,311.1c7.649-7.649,17.85-10.199,25.5-5.1c28.05,10.2,58.649,15.3,91.8,15.3c15.3,0,25.5,10.2,25.5,25.5v86.7c0,15.3-10.2,25.5-25.5,25.5C193.8,459,0,265.2,0,25.5C0,10.2,10.2,0,25.5,0h89.25c15.3,0,25.5,10.2,25.5,25.5c0,30.6,5.1,61.2,15.3,91.8c2.55,7.65,0,17.85-5.1,25.5L91.8,198.9z\"\r\n\t\t\t\t\/>\r\n\t\t\t<\/svg> +41 43 545 01 50<\/a><\/p>\n\n\n<section id=\"section-740ab8a1-8b74-4316-a5eb-1e6f56d45558\" class=\"wp-block-gutentor-divider section-740ab8a1-8b74-4316-a5eb-1e6f56d45558 gutentor-element gutentor-section gutentor-divider text-center\"><div class=\"grid-container\"><div class=\"gutentor-divider-box\"><span><svg xmlns=\"http:\/\/www.w3.org\/2000\/svg\" viewBox=\"0 0 240 40\" preserveAspectRatio=\"none\"><path d=\"M56.2 20c5.3-.1 10.6-.2 16-.3l16-.2c10.6-.1 21.3-.1 31.9-.2 10.6.1 21.3 0 31.9.1l16 .2c5.3.1 10.6.2 16 .3-5.3.1-10.6.2-16 .3l-16 .2c-10.6.1-21.3.1-31.9.1-10.6-.1-21.3 0-31.9-.2l-16-.2c-5.4.1-10.7 0-16-.1z\"><\/path><\/svg><\/span><\/div><\/div><\/section>\n\n\n\n<p>Weitere Infos<\/p>\n\n\n\n<ul class=\"wp-block-yoast-seo-related-links\"><li><a href=\"https:\/\/www.wittib-law.ch\/Anwaltskanzlei-in-zuerich\/anwalt-mietrecht-baurecht-immobilienrecht-zuerich\/\">Ihr Anwalt f\u00fcr Mietrecht, Immobilienrecht &amp; Baurecht in Z\u00fcrich<\/a><\/li><li><a href=\"https:\/\/www.wittib-law.ch\/Anwaltskanzlei-in-zuerich\/anwaeltin-anwalt-fuer-immobilien-und-immobilienrecht-in-zuerich\/\">Anw\u00e4ltin \/ Anwalt f\u00fcr Immobilien und Immobilienrecht<\/a><\/li><li><a href=\"https:\/\/www.wittib-law.ch\/Anwaltskanzlei-in-zuerich\/notariat-anwalt-anwaeltin-fuer-grundstuecksgeschaefte\/\">Notariat, Anwalt Grundst\u00fccksgesch\u00e4fte<\/a><\/li><li><a href=\"https:\/\/www.wittib-law.ch\/Anwaltskanzlei-in-zuerich\/anwalt-baurecht\/\">Anwalt Baurecht<\/a><\/li><\/ul>\n<div style='text-align:center' class='yasr-auto-insert-visitor'><!--Yasr Visitor Votes Shortcode--><div id='yasr_visitor_votes_a336644af89e7' class='yasr-visitor-votes'><div class=\"yasr-custom-text-vv-before yasr-custom-text-vv-before-7838\">Ratings \/ Bewertungen<\/div><div id='yasr-vv-second-row-container-a336644af89e7'\r\n                                        class='yasr-vv-second-row-container'><div id='yasr-visitor-votes-rater-a336644af89e7'\r\n                                      class='yasr-rater-stars-vv'\r\n                                      data-rater-postid='7838'\r\n                                      data-rating='0'\r\n                                      data-rater-starsize='24'\r\n                                      data-rater-readonly='true'\r\n                                      data-rater-nonce='e9ef24791e'\r\n                                      data-issingular='false'\r\n                                    ><\/div><div class=\"yasr-vv-stats-text-container\" id=\"yasr-vv-stats-text-container-a336644af89e7\"><svg xmlns=\"https:\/\/www.w3.org\/2000\/svg\" width=\"20\" height=\"20\"\r\n                                   class=\"yasr-dashicons-visitor-stats\"\r\n                                   data-postid=\"7838\"\r\n                                   id=\"yasr-stats-dashicon-a336644af89e7\">\r\n                                   <path d=\"M18 18v-16h-4v16h4zM12 18v-11h-4v11h4zM6 18v-8h-4v8h4z\"><\/path>\r\n                               <\/svg><span id=\"yasr-vv-text-container-a336644af89e7\" class=\"yasr-vv-text-container\">[Anzahl der Bewertungen: <span id=\"yasr-vv-votes-number-container-a336644af89e7\">0<\/span>  Durchschnitt: <span id=\"yasr-vv-average-container-a336644af89e7\">0<\/span>]<\/span><\/div><div id='yasr-vv-loader-a336644af89e7' class='yasr-vv-container-loader'><\/div><\/div><div id='yasr-vv-bottom-container-a336644af89e7' class='yasr-vv-bottom-container'><div class='yasr-small-block-bold'><span class='yasr-visitor-votes-must-sign-in'>99% zufriedene Nutzer \/ Durchschnittsbewertungen unserer Klienten<\/span><\/div><\/div><\/div><!--End Yasr Visitor Votes Shortcode--><\/div>","protected":false},"excerpt":{"rendered":"<p>Suchen Sie einen Anwalt f\u00fcr Immobilien und Sachenrecht? Die Rechtsanw\u00e4lte unserer Advokatur sind erfahrene Experten, wenn es um Rechtsbelange rund um das Immobilien- und Grundst\u00fccksrecht geht. Haben Sie Fragen zum&nbsp;Miteigentum,&nbsp;Schuldbrief, Eigentum, zur Nutzniessung oder zu Pfand-, Nachbarschaftsrechtn oder&nbsp;Baurecht? Ben\u00f6tigen Sie anwaltliche Unterst\u00fctzung im Bau- oder Immobilienrecht? Dann sind Sie in unserer Kanzlei genau richtig. Gesetzliche [&hellip;]<\/p>\n","protected":false},"author":1,"featured_media":649,"comment_status":"closed","ping_status":"open","sticky":false,"template":"","format":"standard","meta":{"yasr_overall_rating":0,"yasr_post_is_review":"","yasr_auto_insert_disabled":"","yasr_review_type":"","footnotes":""},"categories":[1],"tags":[],"class_list":["post-7838","post","type-post","status-publish","format-standard","has-post-thumbnail","hentry","category-uncategorized"],"yasr_visitor_votes":{"stars_attributes":{"read_only":true,"span_bottom":"<div class='yasr-small-block-bold'><span class='yasr-visitor-votes-must-sign-in'>99% zufriedene Nutzer \/ Durchschnittsbewertungen unserer Klienten<\/span><\/div>"},"number_of_votes":0,"sum_votes":0},"gutentor_comment":0,"yoast_head":"<!-- This site is optimized with the Yoast SEO Premium plugin v26.4 (Yoast SEO v27.4) - https:\/\/yoast.com\/product\/yoast-seo-premium-wordpress\/ -->\n<title>Anwalt Immobilien Sachenrecht - Top Anwalt f\u00fcr Immobilienrecht<\/title>\n<meta name=\"description\" content=\"Anwalt Immobilien Sachenrecht \u2713 Immobilienrecht \u2713 Nachbarrecht \u2713 Stockwerkeigentum \u2713 Immobilienfinanzierung \u2713 Mietrecht \u2713 Baurecht\" \/>\n<meta name=\"robots\" content=\"index, follow, max-snippet:-1, max-image-preview:large, max-video-preview:-1\" \/>\n<link rel=\"canonical\" href=\"https:\/\/www.wittib-law.ch\/Anwaltskanzlei-in-zuerich\/anwalt-anwaeltin-fuer-immobilarsachenrecht\/\" \/>\n<meta property=\"og:locale\" content=\"de_DE\" \/>\n<meta property=\"og:type\" content=\"article\" \/>\n<meta property=\"og:title\" content=\"Anwalt Immobilien Sachenrecht - Top Anwalt f\u00fcr Immobilienrecht\" \/>\n<meta property=\"og:description\" content=\"Anwalt Immobilien Sachenrecht \u2713 Immobilienrecht \u2713 Nachbarrecht \u2713 Stockwerkeigentum \u2713 Immobilienfinanzierung \u2713 Mietrecht \u2713 Baurecht\" \/>\n<meta property=\"og:url\" content=\"https:\/\/www.wittib-law.ch\/Anwaltskanzlei-in-zuerich\/anwalt-anwaeltin-fuer-immobilarsachenrecht\/\" \/>\n<meta property=\"og:site_name\" content=\"Ihr Anwalt in Z\u00fcrich\" \/>\n<meta property=\"article:publisher\" content=\"https:\/\/www.facebook.com\/Anwalt-f%c3%bcr-Familienrech-Arbeitsrecht-und-Scheidungsrecht-Z%c3%bcrich-2016470341934582\" \/>\n<meta property=\"article:published_time\" content=\"2021-11-02T09:39:51+00:00\" \/>\n<meta property=\"article:modified_time\" content=\"2021-11-04T18:48:32+00:00\" \/>\n<meta property=\"og:image\" content=\"https:\/\/www.wittib-law.ch\/Anwaltskanzlei-in-zuerich\/wp-content\/uploads\/2019\/12\/Screenshot-2019-03-12-10.24.25.png\" \/>\n\t<meta property=\"og:image:width\" content=\"1867\" \/>\n\t<meta property=\"og:image:height\" content=\"682\" \/>\n\t<meta property=\"og:image:type\" content=\"image\/png\" \/>\n<meta name=\"author\" content=\"admin\" \/>\n<meta name=\"twitter:card\" content=\"summary_large_image\" \/>\n<meta name=\"twitter:title\" content=\"Anwalt Immobilien Sachenrecht - Top Anwalt f\u00fcr Immobilienrecht\" \/>\n<meta name=\"twitter:description\" content=\"Anwalt Immobilien Sachenrecht \u2713 Immobilienrecht \u2713 Nachbarrecht \u2713 Stockwerkeigentum \u2713 Immobilienfinanzierung \u2713 Mietrecht \u2713 Baurecht\" \/>\n<meta name=\"twitter:label1\" content=\"Verfasst von\" \/>\n\t<meta name=\"twitter:data1\" content=\"admin\" \/>\n\t<meta name=\"twitter:label2\" content=\"Gesch\u00e4tzte Lesezeit\" \/>\n\t<meta name=\"twitter:data2\" content=\"5\u00a0Minuten\" \/>\n<meta name=\"geo.placename\" content=\"Z\u00fcrich\" \/>\n<meta name=\"geo.position\" content=\"47.37554931640625;8.53688907623291\" \/>\n<meta name=\"geo.region\" content=\"Schweiz\" \/>\n<!-- \/ Yoast SEO Premium plugin. -->","yoast_head_json":{"title":"Anwalt Immobilien Sachenrecht - Top Anwalt f\u00fcr Immobilienrecht","description":"Anwalt Immobilien Sachenrecht \u2713 Immobilienrecht \u2713 Nachbarrecht \u2713 Stockwerkeigentum \u2713 Immobilienfinanzierung \u2713 Mietrecht \u2713 Baurecht","robots":{"index":"index","follow":"follow","max-snippet":"max-snippet:-1","max-image-preview":"max-image-preview:large","max-video-preview":"max-video-preview:-1"},"canonical":"https:\/\/www.wittib-law.ch\/Anwaltskanzlei-in-zuerich\/anwalt-anwaeltin-fuer-immobilarsachenrecht\/","og_locale":"de_DE","og_type":"article","og_title":"Anwalt Immobilien Sachenrecht - Top Anwalt f\u00fcr Immobilienrecht","og_description":"Anwalt Immobilien Sachenrecht \u2713 Immobilienrecht \u2713 Nachbarrecht \u2713 Stockwerkeigentum \u2713 Immobilienfinanzierung \u2713 Mietrecht \u2713 Baurecht","og_url":"https:\/\/www.wittib-law.ch\/Anwaltskanzlei-in-zuerich\/anwalt-anwaeltin-fuer-immobilarsachenrecht\/","og_site_name":"Ihr Anwalt in Z\u00fcrich","article_publisher":"https:\/\/www.facebook.com\/Anwalt-f%c3%bcr-Familienrech-Arbeitsrecht-und-Scheidungsrecht-Z%c3%bcrich-2016470341934582","article_published_time":"2021-11-02T09:39:51+00:00","article_modified_time":"2021-11-04T18:48:32+00:00","og_image":[{"width":1867,"height":682,"url":"https:\/\/www.wittib-law.ch\/Anwaltskanzlei-in-zuerich\/wp-content\/uploads\/2019\/12\/Screenshot-2019-03-12-10.24.25.png","type":"image\/png"}],"author":"admin","twitter_card":"summary_large_image","twitter_title":"Anwalt Immobilien Sachenrecht - Top Anwalt f\u00fcr Immobilienrecht","twitter_description":"Anwalt Immobilien Sachenrecht \u2713 Immobilienrecht \u2713 Nachbarrecht \u2713 Stockwerkeigentum \u2713 Immobilienfinanzierung \u2713 Mietrecht \u2713 Baurecht","twitter_misc":{"Verfasst von":"admin","Gesch\u00e4tzte Lesezeit":"5\u00a0Minuten"},"schema":{"@context":"https:\/\/schema.org","@graph":[{"@type":"Article","@id":"https:\/\/www.wittib-law.ch\/Anwaltskanzlei-in-zuerich\/anwalt-anwaeltin-fuer-immobilarsachenrecht\/#article","isPartOf":{"@id":"https:\/\/www.wittib-law.ch\/Anwaltskanzlei-in-zuerich\/anwalt-anwaeltin-fuer-immobilien-sachenrecht-und-immobilarsachenrecht\/"},"author":{"name":"admin","@id":"https:\/\/www.wittib-law.ch\/Anwaltskanzlei-in-zuerich\/#\/schema\/person\/ec474bcf05847172fd79b7752ef1f99a"},"headline":"Anwalt \/ Anw\u00e4ltin f\u00fcr Immobilien \/ Sachenrecht und Immobilarsachenrecht","datePublished":"2021-11-02T09:39:51+00:00","dateModified":"2021-11-04T18:48:32+00:00","mainEntityOfPage":{"@id":"https:\/\/www.wittib-law.ch\/Anwaltskanzlei-in-zuerich\/anwalt-anwaeltin-fuer-immobilien-sachenrecht-und-immobilarsachenrecht\/"},"wordCount":1047,"publisher":{"@id":"https:\/\/www.wittib-law.ch\/Anwaltskanzlei-in-zuerich\/#organization"},"image":{"@id":"https:\/\/www.wittib-law.ch\/Anwaltskanzlei-in-zuerich\/anwalt-anwaeltin-fuer-immobilarsachenrecht\/#primaryimage"},"thumbnailUrl":"https:\/\/www.wittib-law.ch\/Anwaltskanzlei-in-zuerich\/wp-content\/uploads\/2019\/12\/Screenshot-2019-03-12-10.24.25.png","articleSection":["Uncategorized"],"inLanguage":"de","copyrightYear":"2021","copyrightHolder":{"@id":"https:\/\/www.wittib-law.ch\/Anwaltskanzlei-in-zuerich\/#organization"}},{"@type":"WebPage","@id":"https:\/\/www.wittib-law.ch\/Anwaltskanzlei-in-zuerich\/anwalt-anwaeltin-fuer-immobilien-sachenrecht-und-immobilarsachenrecht\/","url":"https:\/\/www.wittib-law.ch\/Anwaltskanzlei-in-zuerich\/anwalt-anwaeltin-fuer-immobilarsachenrecht\/","name":"Anwalt Immobilien Sachenrecht - Top Anwalt f\u00fcr Immobilienrecht","isPartOf":{"@id":"https:\/\/www.wittib-law.ch\/Anwaltskanzlei-in-zuerich\/#website"},"primaryImageOfPage":{"@id":"https:\/\/www.wittib-law.ch\/Anwaltskanzlei-in-zuerich\/anwalt-anwaeltin-fuer-immobilarsachenrecht\/#primaryimage"},"image":{"@id":"https:\/\/www.wittib-law.ch\/Anwaltskanzlei-in-zuerich\/anwalt-anwaeltin-fuer-immobilarsachenrecht\/#primaryimage"},"thumbnailUrl":"https:\/\/www.wittib-law.ch\/Anwaltskanzlei-in-zuerich\/wp-content\/uploads\/2019\/12\/Screenshot-2019-03-12-10.24.25.png","datePublished":"2021-11-02T09:39:51+00:00","dateModified":"2021-11-04T18:48:32+00:00","description":"Anwalt Immobilien Sachenrecht \u2713 Immobilienrecht \u2713 Nachbarrecht \u2713 Stockwerkeigentum \u2713 Immobilienfinanzierung \u2713 Mietrecht \u2713 Baurecht","breadcrumb":{"@id":"https:\/\/www.wittib-law.ch\/Anwaltskanzlei-in-zuerich\/anwalt-anwaeltin-fuer-immobilarsachenrecht\/#breadcrumb"},"inLanguage":"de","potentialAction":[{"@type":"ReadAction","target":["https:\/\/www.wittib-law.ch\/Anwaltskanzlei-in-zuerich\/anwalt-anwaeltin-fuer-immobilarsachenrecht\/"]}]},{"@type":"ImageObject","inLanguage":"de","@id":"https:\/\/www.wittib-law.ch\/Anwaltskanzlei-in-zuerich\/anwalt-anwaeltin-fuer-immobilarsachenrecht\/#primaryimage","url":"https:\/\/www.wittib-law.ch\/Anwaltskanzlei-in-zuerich\/wp-content\/uploads\/2019\/12\/Screenshot-2019-03-12-10.24.25.png","contentUrl":"https:\/\/www.wittib-law.ch\/Anwaltskanzlei-in-zuerich\/wp-content\/uploads\/2019\/12\/Screenshot-2019-03-12-10.24.25.png","width":1867,"height":682},{"@type":"BreadcrumbList","@id":"https:\/\/www.wittib-law.ch\/Anwaltskanzlei-in-zuerich\/anwalt-anwaeltin-fuer-immobilarsachenrecht\/#breadcrumb","itemListElement":[{"@type":"ListItem","position":1,"name":"Home","item":"https:\/\/www.wittib-law.ch\/Anwaltskanzlei-in-zuerich\/"},{"@type":"ListItem","position":2,"name":"Anwalt \/ Anw\u00e4ltin f\u00fcr Immobilien \/ Sachenrecht und Immobilarsachenrecht"}]},{"@type":"WebSite","@id":"https:\/\/www.wittib-law.ch\/Anwaltskanzlei-in-zuerich\/#website","url":"https:\/\/www.wittib-law.ch\/Anwaltskanzlei-in-zuerich\/","name":"Ihr Anwalt in Z\u00fcrich","description":"Scheidungsanwalt \/ Anwalt f\u00fcr \u2713 Arbeitsrecht \u2713 Baurecht \u2713 Erbrecht \u2713 Familienrecht \u2713 Mietrecht \u2713 Vertragsrecht \u2713 Verkehrsrecht \u2713 Forderungen, Inkasso | Tel.: +41 (0) 43 545 01 50","publisher":{"@id":"https:\/\/www.wittib-law.ch\/Anwaltskanzlei-in-zuerich\/#organization"},"potentialAction":[{"@type":"SearchAction","target":{"@type":"EntryPoint","urlTemplate":"https:\/\/www.wittib-law.ch\/Anwaltskanzlei-in-zuerich\/?s={search_term_string}"},"query-input":{"@type":"PropertyValueSpecification","valueRequired":true,"valueName":"search_term_string"}}],"inLanguage":"de"},{"@type":["Organization","Place"],"@id":"https:\/\/www.wittib-law.ch\/Anwaltskanzlei-in-zuerich\/#organization","name":"Anwaltskanzlei Zuerich","url":"https:\/\/www.wittib-law.ch\/Anwaltskanzlei-in-zuerich\/","logo":{"@id":"https:\/\/www.wittib-law.ch\/Anwaltskanzlei-in-zuerich\/anwalt-anwaeltin-fuer-immobilarsachenrecht\/#local-main-organization-logo"},"image":{"@id":"https:\/\/www.wittib-law.ch\/Anwaltskanzlei-in-zuerich\/anwalt-anwaeltin-fuer-immobilarsachenrecht\/#local-main-organization-logo"},"sameAs":["https:\/\/www.facebook.com\/Anwalt-f\u00fcr-Familienrech-Arbeitsrecht-und-Scheidungsrecht-Z\u00fcrich-2016470341934582"],"address":{"@id":"https:\/\/www.wittib-law.ch\/Anwaltskanzlei-in-zuerich\/anwalt-anwaeltin-fuer-immobilarsachenrecht\/#local-main-place-address"},"geo":{"@type":"GeoCoordinates","latitude":"47.37554931640625","longitude":"8.53688907623291"},"telephone":["+41435450150"],"openingHoursSpecification":[{"@type":"OpeningHoursSpecification","dayOfWeek":["Monday","Tuesday","Wednesday","Thursday","Friday"],"opens":"08:00","closes":"17:00"},{"@type":"OpeningHoursSpecification","dayOfWeek":["Saturday","Sunday"],"opens":"00:00","closes":"00:00"}],"email":"info@wittib-law.ch"},{"@type":"Person","@id":"https:\/\/www.wittib-law.ch\/Anwaltskanzlei-in-zuerich\/#\/schema\/person\/ec474bcf05847172fd79b7752ef1f99a","name":"admin","image":{"@type":"ImageObject","inLanguage":"de","@id":"https:\/\/secure.gravatar.com\/avatar\/42daca3ba25e2656c8a93581cdf1443d649767a7cbec9c51a67a8fd9baded316?s=96&d=mm&r=g","url":"https:\/\/secure.gravatar.com\/avatar\/42daca3ba25e2656c8a93581cdf1443d649767a7cbec9c51a67a8fd9baded316?s=96&d=mm&r=g","contentUrl":"https:\/\/secure.gravatar.com\/avatar\/42daca3ba25e2656c8a93581cdf1443d649767a7cbec9c51a67a8fd9baded316?s=96&d=mm&r=g","caption":"admin"}},{"@type":"PostalAddress","@id":"https:\/\/www.wittib-law.ch\/Anwaltskanzlei-in-zuerich\/anwalt-anwaeltin-fuer-immobilarsachenrecht\/#local-main-place-address","streetAddress":"L\u00f6wenstrasse 43","addressLocality":"Z\u00fcrich","postalCode":"8001","addressCountry":"CH"},{"@type":"ImageObject","inLanguage":"de","@id":"https:\/\/www.wittib-law.ch\/Anwaltskanzlei-in-zuerich\/anwalt-anwaeltin-fuer-immobilarsachenrecht\/#local-main-organization-logo","url":"https:\/\/www.wittib-law.ch\/Anwaltskanzlei-in-zuerich\/wp-content\/uploads\/2019\/02\/Anwaltskanzlei-Wittibschlager.jpg","contentUrl":"https:\/\/www.wittib-law.ch\/Anwaltskanzlei-in-zuerich\/wp-content\/uploads\/2019\/02\/Anwaltskanzlei-Wittibschlager.jpg","width":555,"height":176,"caption":"Anwaltskanzlei Zuerich"},false]},"geo.placename":"Z\u00fcrich","geo.position":{"lat":"47.37554931640625","long":"8.53688907623291"},"geo.region":"Schweiz"},"_links":{"self":[{"href":"https:\/\/www.wittib-law.ch\/Anwaltskanzlei-in-zuerich\/wp-json\/wp\/v2\/posts\/7838","targetHints":{"allow":["GET"]}}],"collection":[{"href":"https:\/\/www.wittib-law.ch\/Anwaltskanzlei-in-zuerich\/wp-json\/wp\/v2\/posts"}],"about":[{"href":"https:\/\/www.wittib-law.ch\/Anwaltskanzlei-in-zuerich\/wp-json\/wp\/v2\/types\/post"}],"author":[{"embeddable":true,"href":"https:\/\/www.wittib-law.ch\/Anwaltskanzlei-in-zuerich\/wp-json\/wp\/v2\/users\/1"}],"replies":[{"embeddable":true,"href":"https:\/\/www.wittib-law.ch\/Anwaltskanzlei-in-zuerich\/wp-json\/wp\/v2\/comments?post=7838"}],"version-history":[{"count":4,"href":"https:\/\/www.wittib-law.ch\/Anwaltskanzlei-in-zuerich\/wp-json\/wp\/v2\/posts\/7838\/revisions"}],"predecessor-version":[{"id":7951,"href":"https:\/\/www.wittib-law.ch\/Anwaltskanzlei-in-zuerich\/wp-json\/wp\/v2\/posts\/7838\/revisions\/7951"}],"wp:featuredmedia":[{"embeddable":true,"href":"https:\/\/www.wittib-law.ch\/Anwaltskanzlei-in-zuerich\/wp-json\/wp\/v2\/media\/649"}],"wp:attachment":[{"href":"https:\/\/www.wittib-law.ch\/Anwaltskanzlei-in-zuerich\/wp-json\/wp\/v2\/media?parent=7838"}],"wp:term":[{"taxonomy":"category","embeddable":true,"href":"https:\/\/www.wittib-law.ch\/Anwaltskanzlei-in-zuerich\/wp-json\/wp\/v2\/categories?post=7838"},{"taxonomy":"post_tag","embeddable":true,"href":"https:\/\/www.wittib-law.ch\/Anwaltskanzlei-in-zuerich\/wp-json\/wp\/v2\/tags?post=7838"}],"curies":[{"name":"wp","href":"https:\/\/api.w.org\/{rel}","templated":true}]}}