{"id":4437,"date":"2020-11-25T18:33:59","date_gmt":"2020-11-25T18:33:59","guid":{"rendered":"https:\/\/www.wittib-law.ch\/Anwaltskanzlei-in-zuerich\/?p=4437"},"modified":"2021-11-02T09:56:27","modified_gmt":"2021-11-02T09:56:27","slug":"anwalt-gesellschaftsrecht-zuerich","status":"publish","type":"post","link":"https:\/\/www.wittib-law.ch\/Anwaltskanzlei-in-zuerich\/anwalt-gesellschaftsrecht-zuerich\/","title":{"rendered":"Anwalt Gesellschaftsrecht"},"content":{"rendered":"\n<p>Suchen Sie einen Anwalt f\u00fcr Gesellschaftsrecht in Z\u00fcrich? Ben\u00f6tigt Ihr Unternehmen eine Rechtsberatung? Unsere Anwaltskanzlei richtet Ihren Fokus auf Gesellschaftsrecht. Wollen Sie mehr \u00fcber gesellschaftsrechtliche Aspekte von Kapitalgesellschaften, Vereinen, Stiftungen, Kollektivgesellschaften, Kommanditgesellschaften, Genossenschaften, Aktiengesellschaften, Gesellschaften mit beschr\u00e4nkter Haftung oder anderen Personenvereinigungen wissen? Was unterscheidet eine Anstalt von einer Stiftung? <\/p>\n\n\n\n<h2 class=\"wp-block-heading\" id=\"h-handelsrecht-gesellschaftsrecht-und-firmengr-ndungen\">Handelsrecht, Gesellschaftsrecht und Firmengr\u00fcndungen<\/h2>\n\n\n\n<p>Unser Anwalt f\u00fcr Gesellschaftsrecht in Z\u00fcrich ist Experte f\u00fcr Firmengr\u00fcndungen aller Art.  Bei gesellschaftsrechtliche Fragen sind Sie in unserer Kanzlei in Z\u00fcrich richtig. Unser Rechtsanwalt f\u00fcr Gesellschaftsrecht zeigt Ihnen Vor- und Nachteile sowie rechtliche Voraussetzungen der einzelnen Gesellschaftsformen auf. Unser Partnernotariat nimmt anschliessend die notwendigen Beurkundungen vor. Wesentlich ist die anwaltliche Kontrolle, Begleitung und \u00dcberpr\u00fcfung von gesellschaftlichen Vorg\u00e4ngen oder Gr\u00fcndungen. Wir bereiten f\u00fcr Sie die formellen Papiere zur Eintragung ins Handelsregister vor.<\/p>\n\n\n\n<section id=\"section-f7348cdf-02bd-49ee-9a98-24e5e3692ff1\" class=\"wp-block-gutentor-about-block gutentor-section gutentor-about about-template4\"><div class=\"grid-container\"><div class=\"gutentor-grid-item-wrap\"><div class=\"gutentor-single-item\"><div class=\"grid-row\"><div class=\"grid-md-6 about-grid\"><div class=\"gutentor-single-item-content\"><div class=\"gutentor-about-content\"><h2 class=\"gutentor-single-item-title\">Gesellschafts- rechtliche Belange<\/h2><p class=\"gutentor-single-item-desc\"><strong>Inhaberin der Kanzlei und Anw\u00e4ltin S. Wittibschlager<\/strong><br><em>Meine Kanzlei hat ihren Sitz im Herzen von\u00a0Z\u00fcrich. Ich und mein Team bieten Privaten und Unternehmen eine umfassende Beratung und Vertretung in gesellschafts- und handelsrechtlichen Belangen an<\/em>.<br><br>Gerne k\u00f6nnen Sie uns auch eine E-Mail schreiben. Unsere Anw\u00e4lte werden sich umgehend bei Ihnen melden.\u00a0<\/p><a class=\"gutentor-button gutentor-single-item-button gutentor-icon-hide\" href=\"mailto:info@wittib-law.ch\"><i class=\"gutentor-button-icon fas fa-book\"><\/i><span>E-mail<\/span><\/a><\/div><\/div><\/div><div class=\"grid-md-6 about-grid\"><div class=\"gutentor-single-item-image-box\"><div class=\"gutentor-image-thumb\"><img decoding=\"async\" class=\"normal-image\" src=\"https:\/\/www.wittib-law.ch\/Anwaltskanzlei-in-zuerich\/wp-content\/uploads\/2020\/11\/Bildschirmfoto-2020-12-03-um-15.09.24.png\" alt=\"Inhaberin der Kanzlei - Anw\u00e4ltin Schweiz\/Deutschland\"\/><\/div><\/div><\/div><\/div><\/div><\/div><\/div><\/section>\n\n\n\n<section id=\"section-d9beca66-6804-4c60-84fe-dbc60a22e26d\" class=\"wp-block-gutentor-divider section-d9beca66-6804-4c60-84fe-dbc60a22e26d gutentor-element gutentor-section gutentor-divider text-center\"><div class=\"grid-container\"><div class=\"gutentor-divider-box\"><span><svg xmlns=\"http:\/\/www.w3.org\/2000\/svg\" viewBox=\"0 0 240 40\" preserveAspectRatio=\"none\"><path d=\"M56.2 20c5.3-.1 10.6-.2 16-.3l16-.2c10.6-.1 21.3-.1 31.9-.2 10.6.1 21.3 0 31.9.1l16 .2c5.3.1 10.6.2 16 .3-5.3.1-10.6.2-16 .3l-16 .2c-10.6.1-21.3.1-31.9.1-10.6-.1-21.3 0-31.9-.2l-16-.2c-5.4.1-10.7 0-16-.1z\"><\/path><\/svg><\/span><\/div><\/div><\/section>\n\n\n<p class='wp-call-button-block-button wp-call-button-block-button-center'><a class='wp-call-button-in-btn' href='tel:+41435450150' style='background-color:#3b5998' ><svg x=\"0px\" y=\"0px\" width=\"459px\" height=\"459px\" viewBox=\"0 0 459 459\">\r\n\t\t\t\t<path\r\n\t\t\t\t\td=\"M91.8,198.9c35.7,71.4,96.9,130.05,168.3,168.3L316.2,311.1c7.649-7.649,17.85-10.199,25.5-5.1c28.05,10.2,58.649,15.3,91.8,15.3c15.3,0,25.5,10.2,25.5,25.5v86.7c0,15.3-10.2,25.5-25.5,25.5C193.8,459,0,265.2,0,25.5C0,10.2,10.2,0,25.5,0h89.25c15.3,0,25.5,10.2,25.5,25.5c0,30.6,5.1,61.2,15.3,91.8c2.55,7.65,0,17.85-5.1,25.5L91.8,198.9z\"\r\n\t\t\t\t\/>\r\n\t\t\t<\/svg> +41 43 545 01 50<\/a><\/p>\n\n\n<section id=\"section-66028ea4-5495-495c-b1bb-83f1b3332327\" class=\"wp-block-gutentor-divider section-66028ea4-5495-495c-b1bb-83f1b3332327 gutentor-element gutentor-section gutentor-divider text-center\"><div class=\"grid-container\"><div class=\"gutentor-divider-box\"><span><svg xmlns=\"http:\/\/www.w3.org\/2000\/svg\" viewBox=\"0 0 240 40\" preserveAspectRatio=\"none\"><path d=\"M56.2 20c5.3-.1 10.6-.2 16-.3l16-.2c10.6-.1 21.3-.1 31.9-.2 10.6.1 21.3 0 31.9.1l16 .2c5.3.1 10.6.2 16 .3-5.3.1-10.6.2-16 .3l-16 .2c-10.6.1-21.3.1-31.9.1-10.6-.1-21.3 0-31.9-.2l-16-.2c-5.4.1-10.7 0-16-.1z\"><\/path><\/svg><\/span><\/div><\/div><\/section>\n\n\n\n<div class=\"wp-block-yoast-seo-table-of-contents yoast-table-of-contents\"><h2>Inhaltsverzeichnis<\/h2><ul><li><a href=\"#h-handelsrecht-gesellschaftsrecht-und-firmengr-ndungen\" data-level=\"2\">Handelsrecht, Gesellschaftsrecht und Firmengr\u00fcndungen<\/a><\/li><li><a href=\"#h-berlassen-sie-unseren-anw-lten-f-r-gesellschaftsrecht-die-handels-und-gesellschaftsrechtlichen-formalit-ten\" data-level=\"2\">\u00dcberlassen Sie unseren Anw\u00e4lten f\u00fcr Gesellschaftsrecht die handels- und gesellschaftsrechtlichen Formalit\u00e4ten<\/a><\/li><li><a href=\"#h-gesellschaftsrecht-schweiz-deutschland\" data-level=\"2\">Gesellschaftsrecht Schweiz\/Deutschland<\/a><\/li><li><a href=\"#h-ihre-anw-lte-f-r-gesellschaftsrecht-in-z-rich\" data-level=\"2\">Ihre Anw\u00e4lte f\u00fcr Gesellschaftsrecht in Z\u00fcrich<\/a><\/li><li><a href=\"#h-spezialisierte-anw-lte-f-r-gesellschaftsrecht-aus-der-schweiz\" data-level=\"2\">Spezialisierte Anw\u00e4lte f\u00fcr Gesellschaftsrecht aus der Schweiz<\/a><\/li><li><a href=\"#h-informationsseite-f-r-unternehmer-privatpersonen-und-firmen-in-der-schweiz-und-in-deutschland\" data-level=\"2\">Informationsseite\u00a0f\u00fcr\u00a0Unternehmer, Privatpersonen und\u00a0Firmen in der Schweiz und in Deutschland\u00a0<\/a><\/li><li><a href=\"#h-anwaltskanzlei-gesellschaftsrecht-schweiz-deutschland-deutschland-schweiz\" data-level=\"2\">Anwaltskanzlei Gesellschaftsrecht: Schweiz-Deutschland \/ Deutschland-Schweiz<\/a><\/li><li><a href=\"#h-anwalt-gesellschaftsrecht-handelsrecht-vertragsrecht-wirtschaftsrecht-unternehmensrecht\" data-level=\"2\">Anwalt Gesellschaftsrecht: Handelsrecht &#8211; Vertragsrecht &#8211; Wirtschaftsrecht &#8211; Unternehmensrecht<\/a><\/li><li><a href=\"#h-schweizer-recht-deutsches-recht-gesellschaftsrecht\" data-level=\"2\">Schweizer Recht &#8211; Deutsches Recht &#8211; Gesellschaftsrecht<\/a><ul><li><a href=\"#h-schweizer-und-deutsches-gesellschaftsrecht\" data-level=\"3\">Schweizer und Deutsches Gesellschaftsrecht<\/a><\/li><\/ul><\/li><li><a href=\"#h-wirtschaftsrecht-schweiz-deutschland\" data-level=\"2\">Wirtschaftsrecht Schweiz\/Deutschland<\/a><\/li><li><a href=\"#h-aktiengesellschaft-in-der-schweiz\" data-level=\"2\">Aktiengesellschaft (in der Schweiz)<\/a><\/li><li><a href=\"#h-zusammenfassende-informationen-ber-die-ag\" data-level=\"2\">Zusammenfassende Informationen \u00fcber die AG<\/a><\/li><li><a href=\"#h-gesellschaft-mit-beschr-nkter-haftung-gmbh-in-der-schweiz\" data-level=\"2\">Gesellschaft mit beschr\u00e4nkter Haftung (GmbH in der Schweiz)<\/a><ul><li><a href=\"#h-merkmale-einer-gmbh\" data-level=\"3\">Merkmale einer GmbH<\/a><\/li><\/ul><\/li><li><a href=\"#h-die-steuern-in-der-schweiz\" data-level=\"2\">Die Steuern in der Schweiz<\/a><ul><li><a href=\"#h-wer-ist-in-der-schweiz-steuerpflichtig\" data-level=\"3\">Wer ist in der Schweiz steuerpflichtig?<\/a><\/li><li><a href=\"#h-direkte-bundessteuer\" data-level=\"3\">Direkte Bundessteuer<\/a><\/li><li><a href=\"#h-steuerhinterziehung-steuerbetrug\" data-level=\"3\">Steuerhinterziehung \/ Steuerbetrug\u00a0<\/a><\/li><li><a href=\"#h-kapitalgesellschaften\" data-level=\"3\">Kapitalgesellschaften<\/a><\/li><\/ul><\/li><li><a href=\"#h-vereine-stiftungen-und-brige-juristische-personen\" data-level=\"2\">Vereine, Stiftungen und \u00fcbrige Juristische Personen<\/a><\/li><li><a href=\"#h-vereine-rechtsgrundlage-in-der-bundesverfassung\" data-level=\"2\">Vereine: Rechtsgrundlage in der Bundesverfassung<\/a><\/li><li><a href=\"#h-was-gibt-es-f-r-vereine\" data-level=\"2\">Was gibt es f\u00fcr Vereine?<\/a><\/li><li><a href=\"#h-verein\" data-level=\"2\">Verein<\/a><ul><li><a href=\"#h-statuten\" data-level=\"3\">Statuten<\/a><\/li><li><a href=\"#h-zweck\" data-level=\"3\">Zweck<\/a><\/li><li><a href=\"#h-mittel\" data-level=\"3\">Mittel<\/a><\/li><li><a href=\"#h-revisoren\" data-level=\"3\">Revisoren<\/a><\/li><\/ul><\/li><li><a href=\"#h-verrechnungssteuer\" data-level=\"2\">Verrechnungssteuer<\/a><ul><li><a href=\"#h-wie-erhalten-die-steuerpflichtigen-die-verrechnungssteuer-zur-ck\" data-level=\"3\">Wie erhalten die Steuerpflichtigen die Verrechnungssteuer zur\u00fcck?<\/a><\/li><\/ul><\/li><li><a href=\"#h-mehrwertsteuer\" data-level=\"2\">Mehrwertsteuer<\/a><\/li><li><a href=\"#h-stempelabgaben-abhabe-auf-emissonen-umsatzabgabe-abgabe-auf-versicherungspr-mien\" data-level=\"2\">Stempelabgaben: Abhabe auf Emissonen, Umsatzabgabe, Abgabe auf Versicherungspr\u00e4mien<\/a><\/li><li><a href=\"#h-kantonale-steuern\" data-level=\"2\">Kantonale Steuern<\/a><\/li><li><a href=\"#h-holding-und-beteiligungsgesellschaften\" data-level=\"2\">Holding &#8211; und Beteiligungsgesellschaften<\/a><\/li><li><a href=\"#h-kontaktieren-sie-eine-anw-ltin-oder-einen-anwalt-f-r-gesellschafts-und-handelsrecht-in-z-rich\" data-level=\"2\">Kontaktieren Sie eine Anw\u00e4ltin oder einen Anwalt f\u00fcr Gesellschafts- und Handelsrecht in Z\u00fcrich<\/a><\/li><li><a href=\"#h-hier-finden-sie-uns-routenplaner\" data-level=\"2\">Hier finden Sie uns &#8211; Routenplaner<\/a><ul><li><a href=\"#h-ffnungszeiten-telefonische-erreichbarkeit\" data-level=\"3\">\u00d6ffnungszeiten &#8211; telefonische Erreichbarkeit<\/a><\/li><\/ul><\/li><li><a href=\"#h-als-anw-ltin-expertin-f-r-internationales-privatrecht-auf-kabeleins\" data-level=\"2\">Als Anw\u00e4ltin &amp; Expertin f\u00fcr internationales Privatrecht auf Kabeleins.<\/a><\/li><\/ul><\/div>\n\n\n\n<section id=\"section-7e56557a-e286-4b04-a86f-028091ba336a\" class=\"wp-block-gutentor-divider section-7e56557a-e286-4b04-a86f-028091ba336a gutentor-element gutentor-section gutentor-divider text-center\"><div class=\"grid-container\"><div class=\"gutentor-divider-box\"><span><svg xmlns=\"http:\/\/www.w3.org\/2000\/svg\" viewBox=\"0 0 240 40\" preserveAspectRatio=\"none\"><path d=\"M56.2 20c5.3-.1 10.6-.2 16-.3l16-.2c10.6-.1 21.3-.1 31.9-.2 10.6.1 21.3 0 31.9.1l16 .2c5.3.1 10.6.2 16 .3-5.3.1-10.6.2-16 .3l-16 .2c-10.6.1-21.3.1-31.9.1-10.6-.1-21.3 0-31.9-.2l-16-.2c-5.4.1-10.7 0-16-.1z\"><\/path><\/svg><\/span><\/div><\/div><\/section>\n\n\n\n<h2 class=\"wp-block-heading\" id=\"h-berlassen-sie-unseren-anw-lten-f-r-gesellschaftsrecht-die-handels-und-gesellschaftsrechtlichen-formalit-ten\">\u00dcberlassen Sie unseren Anw\u00e4lten f\u00fcr Gesellschaftsrecht die handels- und gesellschaftsrechtlichen Formalit\u00e4ten<\/h2>\n\n\n\n<p>Wie definiert das schweizerische Obligationenrecht eine Gesellschaft? Welche Gesellschaftsformen sind beurkundungspflichtig? Wollen Sie eine AG oder eine GmbH gr\u00fcnden? Haben Sie Fragen zu notwendigen Schrifts\u00e4tzen oder der Beurkundung ihrer Unternehmensgr\u00fcndung? Suchen Sie einen Anwalt f\u00fcr Gesellschaftsrecht in Z\u00fcrich, welcher die notarielle Beurkundung f\u00fcr Sie vornimmt? Unsere Kanzlei hat sich im Handels-, Wirtschafts-, Vertrags- und Gesellschaftsrecht spezialisiert, u.a. bieten wir bieten folgende Dienstleitungen an:<\/p>\n\n\n\n<ul class=\"wp-block-list\"><li>Kapitalerh\u00f6hungen<\/li><li>Kapitalherabsetzungen<\/li><li>\u00c4nderungen der Statuten<\/li><li>Verm\u00f6gens\u00fcbertragungen<\/li><li>Fusionen <\/li><li>Begleitung von notariellen Beurkundung<\/li><li>Rechtsberatung von Unternehmen in Z\u00fcrich <\/li><li>Unternehmensrechtliche Konflikte und Auseinandersetzungen<ul><li>unerlaubten Handlungen eines Mitgesellschafters<\/li><li>Haftungen und Stimmrechte<\/li><li>Ausschluss von beteiligten Personen der Gesellschaft<\/li><li>Haftung von Verbindlichkeiten <\/li><\/ul><\/li><li>Auseinandersetzungen im Inneren Ihrer Gesellschaft<\/li><li>Streitigkeiten mit Dritten <\/li><li>Unternehmerische Rechtsberatung<\/li><\/ul>\n\n\n\n<section id=\"section-4e8b08da-de5d-4a77-ba24-7255ed977789\" class=\"wp-block-gutentor-divider section-4e8b08da-de5d-4a77-ba24-7255ed977789 gutentor-element gutentor-section gutentor-divider text-center\"><div class=\"grid-container\"><div class=\"gutentor-divider-box\"><span><svg xmlns=\"http:\/\/www.w3.org\/2000\/svg\" viewBox=\"0 0 240 40\" preserveAspectRatio=\"none\"><path d=\"M56.2 20c5.3-.1 10.6-.2 16-.3l16-.2c10.6-.1 21.3-.1 31.9-.2 10.6.1 21.3 0 31.9.1l16 .2c5.3.1 10.6.2 16 .3-5.3.1-10.6.2-16 .3l-16 .2c-10.6.1-21.3.1-31.9.1-10.6-.1-21.3 0-31.9-.2l-16-.2c-5.4.1-10.7 0-16-.1z\"><\/path><\/svg><\/span><\/div><\/div><\/section>\n\n\n\n<h2 class=\"wp-block-heading\" id=\"h-gesellschaftsrecht-schweiz-deutschland\">Gesellschaftsrecht Schweiz\/Deutschland<\/h2>\n\n\n\n<h2 class=\"wp-block-heading\" id=\"h-ihre-anw-lte-f-r-gesellschaftsrecht-in-z-rich\">Ihre Anw\u00e4lte f\u00fcr Gesellschaftsrecht in Z\u00fcrich<\/h2>\n\n\n\n<p>Unsere Rechtsanwaltskanzlei bietet Firmen und Privatpersonen eine vollumf\u00e4ngliche Beratung in wirtschafts-, gesellschafts- und handelsrechtlichen Belangen an.<\/p>\n\n\n\n<section id=\"section-677cf500-a646-47d3-a70a-8638418b5cc4\" class=\"wp-block-gutentor-divider section-677cf500-a646-47d3-a70a-8638418b5cc4 gutentor-element gutentor-section gutentor-divider text-center\"><div class=\"grid-container\"><div class=\"gutentor-divider-box\"><span><svg xmlns=\"http:\/\/www.w3.org\/2000\/svg\" viewBox=\"0 0 240 40\" preserveAspectRatio=\"none\"><path d=\"M56.2 20c5.3-.1 10.6-.2 16-.3l16-.2c10.6-.1 21.3-.1 31.9-.2 10.6.1 21.3 0 31.9.1l16 .2c5.3.1 10.6.2 16 .3-5.3.1-10.6.2-16 .3l-16 .2c-10.6.1-21.3.1-31.9.1-10.6-.1-21.3 0-31.9-.2l-16-.2c-5.4.1-10.7 0-16-.1z\"><\/path><\/svg><\/span><\/div><\/div><\/section>\n\n\n\n<p class=\"has-text-align-center\"><a href=\"https:\/\/www.anwalt-gesellschaftsrecht.attorney\/Anwalt-Handelsrecht-Blog-Infos-News\/\">Blog, Info &amp; News<\/a><\/p>\n\n\n\n<section id=\"section-dbbe4752-6c89-4027-a44a-063766c7b318\" class=\"wp-block-gutentor-divider section-dbbe4752-6c89-4027-a44a-063766c7b318 gutentor-element gutentor-section gutentor-divider text-center\"><div class=\"grid-container\"><div class=\"gutentor-divider-box\"><span><svg xmlns=\"http:\/\/www.w3.org\/2000\/svg\" viewBox=\"0 0 240 40\" preserveAspectRatio=\"none\"><path d=\"M56.2 20c5.3-.1 10.6-.2 16-.3l16-.2c10.6-.1 21.3-.1 31.9-.2 10.6.1 21.3 0 31.9.1l16 .2c5.3.1 10.6.2 16 .3-5.3.1-10.6.2-16 .3l-16 .2c-10.6.1-21.3.1-31.9.1-10.6-.1-21.3 0-31.9-.2l-16-.2c-5.4.1-10.7 0-16-.1z\"><\/path><\/svg><\/span><\/div><\/div><\/section>\n\n\n\n<h2 class=\"wp-block-heading\" id=\"h-spezialisierte-anw-lte-f-r-gesellschaftsrecht-aus-der-schweiz\">Spezialisierte Anw\u00e4lte f\u00fcr Gesellschaftsrecht aus der Schweiz<\/h2>\n\n\n\n<ul class=\"wp-block-list\"><li>National t\u00e4tig, international vernetzt&nbsp; und lokal f\u00fcr Sie da!<\/li><li>Schnell, einfach und unkompliziert<\/li><\/ul>\n\n\n\n<p>Sind Sie ein Arbeitnehmer und m\u00f6chten Sie sich selbst\u00e4ndig machen? Wir bieten Ihnen eine professionelle rechtliche Unterst\u00fctzung an und zeigen Ihnen den Weg zur Selbst\u00e4ndigkeit. Dieses Vorhaben stellt ein Risiko aber auch eine grosse Chance f\u00fcr Ihr berufliches Weiterkommen dar. Wichtig ist die Unterst\u00fctzung eines Experten f\u00fcr Gesellschafts- und Handelsrecht. Unsere Anw\u00e4ltinnen und Anw\u00e4lte sind \u00fcberaus erfahren in allen gesellschaftsrechtlichen Belangen, wir beraten und unterst\u00fctzen Klienten, welche die Selbst\u00e4ndigkeit in Angriff nehmen wollen. Folgende gesellschaftsrechtliche Fragen k\u00f6nnen sich f\u00fcr einen Unternehmer stellen:<\/p>\n\n\n\n<ul class=\"wp-block-list\"><li>Wie geht die Gr\u00fcndung eines Unternehmen vonstatten?<\/li><li>Welche Gesellschaftsform sollte der Unternehmer f\u00fcr seine Firma w\u00e4hlen? (AG, GmbH, Verein &#8230;)<\/li><li>In welchen F\u00e4llen ist eine Restrukturierung eines Unternehmens sinnvoll und wie kann diese rechtlich umgesetzt werden?<\/li><li>Ist ein Zusammenschluss oder eine \u00dcbernahme eines anderen Betriebs sinnvoll? Welche unternehmen- und wirtschaftssrechtlichen Aspekte sind hierbei zu beachten?<\/li><\/ul>\n\n\n\n<p>Unsere Anw\u00e4ltinnen und Anw\u00e4lte bieten Privatpersonen und Unternehmen eine kompetente Rechtsberatung in s\u00e4mtlichen Bereichen des deutschen und schweizerischen Rechts an.&nbsp;Insbesondere unterst\u00fctzen wir Sie bei:<\/p>\n\n\n\n<ul class=\"wp-block-list\"><li>Beratung&nbsp; und Betreuung f\u00fcr schweizerische bzw. deutsche Unternehmens- und Firmengr\u00fcndungen sowohl in der Schweiz als auch in Deutschland<\/li><li>Mediation und F\u00fchrung von Verhandlungen zur aussergerichtlichen Beilegung von Konflikten und Streitigkeiten<\/li><li>Verfassen von Vertr\u00e4gen (Vertragsausarbeitung)<\/li><li>Mitarbeit bei der Verhandlung von Vertr\u00e4gen (Vertragsverhandlung in der Schweiz\/Deutschland)<\/li><li>Rechtsberatung bei Firmen\u00fcbernahmen<\/li><li>Rechtsberatung bei allen gesellschaftsrechtlichen Fragen in markenrechtlichen Belangen<\/li><li>Steuerrechtliche Beratung in der Schweiz und in Deutschland<\/li><li>Vertretung bei s\u00e4mtlichen Beh\u00f6rden und Gerichten der Schweiz (Bund,&nbsp;Kanton, Gemeinde) &nbsp;und Deutschland<\/li><li>Mitarbeit im Verwaltungsrat (\u00dcbernahme und Leitung von Verwaltungsratsmandaten)<\/li><li>Beratung und Mitarbeit bei der Erstellung eines Netzwerks (Networking)<\/li><li>Unterst\u00fctzung bei der Gr\u00fcndung einer Firma (Beratung, Vertretung&nbsp; Firmengr\u00fcndung)&nbsp;<\/li><\/ul>\n\n\n\n<section id=\"section-4145a042-1c21-4b54-b1e9-ef13e7eabfef\" class=\"wp-block-gutentor-divider section-4145a042-1c21-4b54-b1e9-ef13e7eabfef gutentor-element gutentor-section gutentor-divider text-center\"><div class=\"grid-container\"><div class=\"gutentor-divider-box\"><span><svg xmlns=\"http:\/\/www.w3.org\/2000\/svg\" viewBox=\"0 0 240 40\" preserveAspectRatio=\"none\"><path d=\"M56.2 20c5.3-.1 10.6-.2 16-.3l16-.2c10.6-.1 21.3-.1 31.9-.2 10.6.1 21.3 0 31.9.1l16 .2c5.3.1 10.6.2 16 .3-5.3.1-10.6.2-16 .3l-16 .2c-10.6.1-21.3.1-31.9.1-10.6-.1-21.3 0-31.9-.2l-16-.2c-5.4.1-10.7 0-16-.1z\"><\/path><\/svg><\/span><\/div><\/div><\/section>\n\n\n\n<p class=\"has-text-align-center\">Kontaktieren Sie eine Anw\u00e4ltin oder einen&nbsp;Anwalt<\/p>\n\n\n<p class='wp-call-button-block-button wp-call-button-block-button-center'><a class='wp-call-button-in-btn' href='tel:+41435450150' style='background-color:#3b5998' ><svg x=\"0px\" y=\"0px\" width=\"459px\" height=\"459px\" viewBox=\"0 0 459 459\">\r\n\t\t\t\t<path\r\n\t\t\t\t\td=\"M91.8,198.9c35.7,71.4,96.9,130.05,168.3,168.3L316.2,311.1c7.649-7.649,17.85-10.199,25.5-5.1c28.05,10.2,58.649,15.3,91.8,15.3c15.3,0,25.5,10.2,25.5,25.5v86.7c0,15.3-10.2,25.5-25.5,25.5C193.8,459,0,265.2,0,25.5C0,10.2,10.2,0,25.5,0h89.25c15.3,0,25.5,10.2,25.5,25.5c0,30.6,5.1,61.2,15.3,91.8c2.55,7.65,0,17.85-5.1,25.5L91.8,198.9z\"\r\n\t\t\t\t\/>\r\n\t\t\t<\/svg> +41 43 545 01 50<\/a><\/p>\n\n\n<section id=\"section-0674975f-4553-4804-810a-fc31da13c90b\" class=\"wp-block-gutentor-divider section-0674975f-4553-4804-810a-fc31da13c90b gutentor-element gutentor-section gutentor-divider text-center\"><div class=\"grid-container\"><div class=\"gutentor-divider-box\"><span><svg xmlns=\"http:\/\/www.w3.org\/2000\/svg\" viewBox=\"0 0 240 40\" preserveAspectRatio=\"none\"><path d=\"M56.2 20c5.3-.1 10.6-.2 16-.3l16-.2c10.6-.1 21.3-.1 31.9-.2 10.6.1 21.3 0 31.9.1l16 .2c5.3.1 10.6.2 16 .3-5.3.1-10.6.2-16 .3l-16 .2c-10.6.1-21.3.1-31.9.1-10.6-.1-21.3 0-31.9-.2l-16-.2c-5.4.1-10.7 0-16-.1z\"><\/path><\/svg><\/span><\/div><\/div><\/section>\n\n\n\n<h2 class=\"wp-block-heading\" id=\"h-informationsseite-f-r-unternehmer-privatpersonen-und-firmen-in-der-schweiz-und-in-deutschland\">Informationsseite&nbsp;f\u00fcr&nbsp;Unternehmer, Privatpersonen und&nbsp;Firmen in der Schweiz und in Deutschland&nbsp;<\/h2>\n\n\n\n<h2 class=\"wp-block-heading\" id=\"h-anwaltskanzlei-gesellschaftsrecht-schweiz-deutschland-deutschland-schweiz\">Anwaltskanzlei Gesellschaftsrecht: Schweiz-Deutschland \/ Deutschland-Schweiz<\/h2>\n\n\n\n<p>Unsere Anw\u00e4lte beraten und vertreten Mandanten in der ganzen Schweiz und Deutschland. In Z\u00fcrich und der n\u00e4hren Umgebung betreuen wir unsere Klienten pers\u00f6nlich. Haben Sie Fragen zum schweizerischen oder deutschen Gesellschaft- und Handelsrecht?&nbsp; Erfahrene Anw\u00e4lte beraten Sie kompetent zu einem fairen Preis.&nbsp;Rechtlicher Hinweis<\/p>\n\n\n\n<section id=\"section-0f5d0e5a-f8d0-4a2f-a307-b3432f070c2b\" class=\"wp-block-gutentor-divider section-0f5d0e5a-f8d0-4a2f-a307-b3432f070c2b gutentor-element gutentor-section gutentor-divider text-center\"><div class=\"grid-container\"><div class=\"gutentor-divider-box\"><span><svg xmlns=\"http:\/\/www.w3.org\/2000\/svg\" viewBox=\"0 0 240 40\" preserveAspectRatio=\"none\"><path d=\"M56.2 20c5.3-.1 10.6-.2 16-.3l16-.2c10.6-.1 21.3-.1 31.9-.2 10.6.1 21.3 0 31.9.1l16 .2c5.3.1 10.6.2 16 .3-5.3.1-10.6.2-16 .3l-16 .2c-10.6.1-21.3.1-31.9.1-10.6-.1-21.3 0-31.9-.2l-16-.2c-5.4.1-10.7 0-16-.1z\"><\/path><\/svg><\/span><\/div><\/div><\/section>\n\n\n\n<h2 class=\"wp-block-heading\" id=\"h-anwalt-gesellschaftsrecht-handelsrecht-vertragsrecht-wirtschaftsrecht-unternehmensrecht\">Anwalt Gesellschaftsrecht: Handelsrecht &#8211; Vertragsrecht &#8211; Wirtschaftsrecht &#8211; Unternehmensrecht<\/h2>\n\n\n\n<ul class=\"wp-block-list\"><li>Gesellschaftsgr\u00fcndungen:&nbsp;AG, GmbH, einfache Gesellschaft, Kollektivgesellschaft, Verein, Stiftung, Genossenschaft<\/li><li>Unterst\u00fctzung bei Gr\u00fcndung eines Unternehmens<\/li><li>Erstellung Businessplan, Gr\u00fcndungsunterlagen, Handelsregister<\/li><li>Mehrwertsteuer anmelden<\/li><li>F\u00fchrung des Rechtsdienstes eines Unternehmens<\/li><li>Kapitalherabsetzungen bzw. Kapitalerh\u00f6hungen<\/li><li>Gesch\u00e4ftsdomizile gew\u00e4hren<\/li><li>Ausarbeitung von Vertr\u00e4gen (Vertriebs-, Factoring-, Werk- und Dienstleistungsvertr\u00e4ge, Aktion\u00e4rbindungsvertr\u00e4ge)<\/li><li>Vertretung in s\u00e4mtlichen Bereichen des Gesellschaftsrechts (vor Beh\u00f6rden und Gerichten)<\/li><\/ul>\n\n\n\n<section id=\"section-2d9b2350-08b7-403a-8471-c9f866566fad\" class=\"wp-block-gutentor-divider section-2d9b2350-08b7-403a-8471-c9f866566fad gutentor-element gutentor-section gutentor-divider text-center\"><div class=\"grid-container\"><div class=\"gutentor-divider-box\"><span><svg xmlns=\"http:\/\/www.w3.org\/2000\/svg\" viewBox=\"0 0 240 40\" preserveAspectRatio=\"none\"><path d=\"M56.2 20c5.3-.1 10.6-.2 16-.3l16-.2c10.6-.1 21.3-.1 31.9-.2 10.6.1 21.3 0 31.9.1l16 .2c5.3.1 10.6.2 16 .3-5.3.1-10.6.2-16 .3l-16 .2c-10.6.1-21.3.1-31.9.1-10.6-.1-21.3 0-31.9-.2l-16-.2c-5.4.1-10.7 0-16-.1z\"><\/path><\/svg><\/span><\/div><\/div><\/section>\n\n\n\n<h2 class=\"wp-block-heading\" id=\"h-schweizer-recht-deutsches-recht-gesellschaftsrecht\">Schweizer Recht &#8211; Deutsches Recht &#8211; Gesellschaftsrecht<\/h2>\n\n\n\n<h3 class=\"wp-block-heading\" id=\"h-schweizer-und-deutsches-gesellschaftsrecht\"><strong>Schweizer und Deutsches Gesellschaftsrecht<\/strong><\/h3>\n\n\n\n<p><strong>Die hier aufgef\u00fchrten Unternehmensformen geben einen ersten \u00dcberblick \u00fcber die h\u00e4ufigsten Rechtsformen&nbsp;im schweizerischen und deutschen Gesellschaftsrecht:<\/strong><\/p>\n\n\n\n<ol class=\"wp-block-list\"><li>Kollektivgesellschaft (Die Gesellschafter einer Kollektivgesellschaft haften mit ihrem gesamten Privatverm\u00f6gen)<\/li><li>Einzelunternehmung<\/li><li>Einfache Gesellschaft<\/li><li>Aktiengesellschaft<\/li><li>Genossenschaft<\/li><li>Gesellschaft mit beschr\u00e4nkter&nbsp;Haftung (GmbH)<\/li><li>Verein (K\u00f6rperschaften mit nicht wirtschaftlicher Zielsetzungen)<\/li><\/ol>\n\n\n\n<section id=\"section-db226775-df0d-4117-b30d-84d66f1c049d\" class=\"wp-block-gutentor-divider section-db226775-df0d-4117-b30d-84d66f1c049d gutentor-element gutentor-section gutentor-divider text-center\"><div class=\"grid-container\"><div class=\"gutentor-divider-box\"><span><svg xmlns=\"http:\/\/www.w3.org\/2000\/svg\" viewBox=\"0 0 240 40\" preserveAspectRatio=\"none\"><path d=\"M56.2 20c5.3-.1 10.6-.2 16-.3l16-.2c10.6-.1 21.3-.1 31.9-.2 10.6.1 21.3 0 31.9.1l16 .2c5.3.1 10.6.2 16 .3-5.3.1-10.6.2-16 .3l-16 .2c-10.6.1-21.3.1-31.9.1-10.6-.1-21.3 0-31.9-.2l-16-.2c-5.4.1-10.7 0-16-.1z\"><\/path><\/svg><\/span><\/div><\/div><\/section>\n\n\n\n<h2 class=\"wp-block-heading\" id=\"h-wirtschaftsrecht-schweiz-deutschland\">Wirtschaftsrecht Schweiz\/Deutschland<\/h2>\n\n\n\n<h2 class=\"wp-block-heading\" id=\"h-aktiengesellschaft-in-der-schweiz\">Aktiengesellschaft (in der Schweiz)<\/h2>\n\n\n\n<p>Eine Aktiengesellschaft ist im&nbsp;schweizerischen Gesellschaftsrecht&nbsp;eine Rechtsform einer Kapitalgesellschaft, welche sich f\u00fcr Firmen mit einer gewissen Unternehmensgr\u00f6sse eignet. Diese Gesellschaftsstruktur ist eine von den Aktion\u00e4ren relativ unabh\u00e4ngige Struktur. Rechtsgesch\u00e4fte k\u00f6nnen durch die Organe der AG vorgenommen werden. In einer Aktiengesellschaft ist die strategische F\u00fchrung Aufgabe des Verwaltungsrates, die operative F\u00fchrung ist die Aufgabe der Gesch\u00e4ftsleitung. Eine AG kann u.a. Arbeitsvertr\u00e4ge mit seinen Arbeitnehmern abschliessen. Das Aktienrecht befindet sich im schweizerischen Obligationenrecht, dem formell f\u00fcnften Teil des ZGB. Der Begriff Obligation bedeutet Vertrag. <\/p>\n\n\n\n<p>Das Obligationenrecht ist ein Gesetzbuch, in welchem man ausser dem Verein (Art. 60 ff. ZGB) Bestimmungen zur Unternehmensf\u00fchrung und zu Gesellschaftsgr\u00fcndungen findet. Die Haftung einer Aktiengesellschaft ist beschr\u00e4nkt auf das Aktienkapital. Bei der Gr\u00fcndung einer AG braucht es mindestens eine nat\u00fcrliche oder juristische Person (Art. 625 OR). Hierbei geht es darum, dass in erster Linie der Verwaltungsrat und die Organe der AG, wie z.B. auch der Gesch\u00e4ftsf\u00fchrer bestimmt werden m\u00fcssen. Zudem wird eine unabh\u00e4ngige Revisionsstelle mit der \u00dcberpr\u00fcfung der Buchhaltung beauftragt. Diese ist jedoch nicht in allen F\u00e4llen n\u00f6tig (vgl. Art. 727 OR). Die Gr\u00fcndung der AG kann man in den folgenden Schritten vornehmen:<\/p>\n\n\n\n<ul class=\"wp-block-list\"><li>Sicherstellung der personellen, finanziellen und strukturellen Funktionsf\u00e4higkeit der AG<ul><li>Gr\u00fcnder verfassen die notwendigen Unternehmensbeschl\u00fcsse in Form von Statuten (<a href=\"https:\/\/www.kmu.admin.ch\/kmu\/de\/home\/praktisches-wissen\/kmu-gruenden\/firmengruendung\/auswahl-rechtsform\/aktiengesellschaft\/checkliste.html\">Checkliste bei der Gr\u00fcndung<\/a>)<\/li><li>Aktien zeichnen<\/li><li>mindestens CHF 50&#8217;000.- m\u00fcssen liberiert sein<\/li><li>Handelsregistereintrag<\/li><\/ul><\/li><\/ul>\n\n\n\n<p>Die Generalversammlung (GV) der Aktion\u00e4re stellt das oberste Organ einer Aktiengesellschaft dar. Die GV hat folgende un\u00fcbertragbaren Kompetenzen:<\/p>\n\n\n\n<ul class=\"wp-block-list\"><li>\u00c4nderungen der&nbsp;<a href=\"https:\/\/www.kmu.admin.ch\/kmu\/de\/home\/praktisches-wissen\/kmu-gruenden\/firmengruendung\/auswahl-rechtsform\/aktiengesellschaft\/statuten-das-grundgesetz-einer-firma.html\">Statuten<\/a><\/li><li>Wahl der Revisionsstellenmitglieder<\/li><li>Wahl des Verwaltungsrats<\/li><li>Beschlussfassung \u00fcber Aktienkapitalherabsetzung bzw. Aktienkapitalerh\u00f6hung<\/li><li>Abberufung des Verwaltungsrats (<a href=\"https:\/\/www.kmu.admin.ch\/kmu\/de\/home\/praktisches-wissen\/kmu-gruenden\/firmengruendung\/auswahl-rechtsform\/aktiengesellschaft\/welche-aufgaben-hat-ein-verwaltungsrat.html\">Aufgaben Verwaltungsrat<\/a>)<\/li><li>Entlastung des Verwaltungsrates&nbsp;(\u00abD\u00e9charge\u00bb)<\/li><\/ul>\n\n\n\n<p>Das alte Recht sah das Erfordernis der \u00abPflichtaktie\u00bb vor. Unter geltendem Recht ist nicht mehr erforderlich, dass Mitglieder des Verwaltungsrats Aktion\u00e4re der Gesellschaft sind. &nbsp;Diese k\u00f6nnen alle Angelegenheiten, welche nicht durch das Gesetz (z.B. un\u00fcbertragbare Kompetenzen der GV) oder die Statuten geregelt sind, anhand von Beschl\u00fcssen entscheiden. Sofern die Statuten der Gesellschafterversammlung Kompetenzen einr\u00e4umt, ist diese ausdr\u00fccklich daf\u00fcr verantwortlich. Aktion\u00e4re haben nur eine Pflicht, sie m\u00fcssen die erhaltenen Aktien bezahlen. Aktion\u00e4re haben aber auch Rechte. Im Folgenden finden Sie eine kurze \u00dcbersicht:<\/p>\n\n\n\n<ul class=\"wp-block-list\"><li>Recht auf einen Anteil des Unternehmensgewinns<\/li><li>Recht auf einen Anteil des Liquidationsertrags<\/li><li>j\u00e4hrlicher Gesch\u00e4ftsbericht&nbsp;<\/li><li>Einladung f\u00fcr die Generalversammlung<\/li><li>Stimmrecht an der GV<\/li><li>Einsichtsrechte in den Gesch\u00e4ftsgang der Firma<\/li><li>Sofern keine Vinkulierung (<a href=\"https:\/\/www.kmu.admin.ch\/kmu\/de\/home\/praktisches-wissen\/kmu-gruenden\/firmengruendung\/auswahl-rechtsform\/aktiengesellschaft\/allgemeine-tipps-fuer-den-aktionaersbindungsvertrag.html\">Aktion\u00e4rbindungsvertrag<\/a>) besteht, k\u00f6nnen die Aktion\u00e4re ihre Aktien frei \u00fcbertragen<\/li><li>Bei einer AG k\u00f6nnen die Aktion\u00e4re h\u00f6chstens&nbsp;ihr eingezahltes Aktienkapital verlieren.<\/li><\/ul>\n\n\n\n<p>Einige dieser Rechte k\u00f6nnen durch Gesetz, Statuten oder Beschl\u00fcsse der AG relativiert werden. Der Vorteil der Rechtsform in der Struktur einer AG ist, dass sich diese sehr schnell und effektiv an die gesellschaftlichen und wirtschaftlichen Gegebenheiten und Ver\u00e4nderungen anpassen kann und damit f\u00fcr die Erwirtschaftung eines Unternehmenserfolgs durch die Anlage des Aktienkapitals optimal gew\u00e4hrleistet ist.<\/p>\n\n\n\n<section id=\"section-9a5936b9-5687-49f9-a41c-b2cea42b0a91\" class=\"wp-block-gutentor-divider section-9a5936b9-5687-49f9-a41c-b2cea42b0a91 gutentor-element gutentor-section gutentor-divider text-center\"><div class=\"grid-container\"><div class=\"gutentor-divider-box\"><span><svg xmlns=\"http:\/\/www.w3.org\/2000\/svg\" viewBox=\"0 0 240 40\" preserveAspectRatio=\"none\"><path d=\"M56.2 20c5.3-.1 10.6-.2 16-.3l16-.2c10.6-.1 21.3-.1 31.9-.2 10.6.1 21.3 0 31.9.1l16 .2c5.3.1 10.6.2 16 .3-5.3.1-10.6.2-16 .3l-16 .2c-10.6.1-21.3.1-31.9.1-10.6-.1-21.3 0-31.9-.2l-16-.2c-5.4.1-10.7 0-16-.1z\"><\/path><\/svg><\/span><\/div><\/div><\/section>\n\n\n\n<h2 class=\"wp-block-heading\" id=\"h-zusammenfassende-informationen-ber-die-ag\">Zusammenfassende Informationen \u00fcber die AG<\/h2>\n\n\n\n<ul class=\"wp-block-list\"><li>Einfache Kapitalbeschaffung&nbsp;(Erh\u00f6hung Aktienkapital)<\/li><li>Anonymit\u00e4t der Gesellschafter<\/li><li>Nur das Gesellschaftsverm\u00f6gen haftet<\/li><li>Sicherheit bez\u00fcglich grobfahrl\u00e4ssigen&nbsp;Managementfehlern, d.h. Sorgfalts- und&nbsp;Treuepflicht ist gesetzlich verankert (OR&nbsp;717, 752 \u2013 760)<\/li><li>Das&nbsp;<a href=\"https:\/\/www.admin.ch\/opc\/de\/classified-compilation\/19110009\/index.html#a621\">Mindestkapital betr\u00e4gt&nbsp;CHF 100000<\/a><\/li><li>eine Revisionsstelle, deren Mitglieder, deren&nbsp;Unabh\u00e4ngigkeit sowie deren Aufgaben&nbsp;und Pflichten sind gesetzlich vorgeschrieben&nbsp;(OR 727 \u2013 731).<\/li><\/ul>\n\n\n\n<p><a href=\"https:\/\/www.kmu.admin.ch\/kmu\/de\/home\/praktisches-wissen\/kmu-gruenden\/firmengruendung\/auswahl-rechtsform\/aktiengesellschaft\/vor-und-nachteile.html\">Hier<\/a>&nbsp;finden Sie eine \u00dcbersicht zu den Vor- und Nachteilen einer AG.<\/p>\n\n\n\n<section id=\"section-3c815b39-a58a-4747-afdb-9c66f2634558\" class=\"wp-block-gutentor-divider section-3c815b39-a58a-4747-afdb-9c66f2634558 gutentor-element gutentor-section gutentor-divider text-center\"><div class=\"grid-container\"><div class=\"gutentor-divider-box\"><span><svg xmlns=\"http:\/\/www.w3.org\/2000\/svg\" viewBox=\"0 0 240 40\" preserveAspectRatio=\"none\"><path d=\"M56.2 20c5.3-.1 10.6-.2 16-.3l16-.2c10.6-.1 21.3-.1 31.9-.2 10.6.1 21.3 0 31.9.1l16 .2c5.3.1 10.6.2 16 .3-5.3.1-10.6.2-16 .3l-16 .2c-10.6.1-21.3.1-31.9.1-10.6-.1-21.3 0-31.9-.2l-16-.2c-5.4.1-10.7 0-16-.1z\"><\/path><\/svg><\/span><\/div><\/div><\/section>\n\n\n\n<h2 class=\"wp-block-heading\" id=\"h-gesellschaft-mit-beschr-nkter-haftung-gmbh-in-der-schweiz\">Gesellschaft mit beschr\u00e4nkter Haftung (GmbH in der Schweiz)<\/h2>\n\n\n\n<h3 class=\"wp-block-heading\" id=\"h-merkmale-einer-gmbh\">Merkmale einer GmbH<\/h3>\n\n\n\n<p>Nur das Gesellschaftsverm\u00f6gen haftet<\/p>\n\n\n\n<ul class=\"wp-block-list\"><li>Das Stammkapital betr\u00e4gt CHF 20000<\/li><li>Gesetzlich nicht so streng beaufsichtigt&nbsp;wie die AG<\/li><li>Bez\u00fcglich Verantwortlichkeit gelten dieselben&nbsp;Regeln wie beim Aktienrecht&nbsp;(OR 827)<\/li><li>Keine Anonymit\u00e4t der Gesellschafter&nbsp;(Eintrag der Namen ins Handelsregister)<\/li><li>Personengebundenere Gesellschaftsform<\/li><\/ul>\n\n\n\n<p>Die GmbH wird in der Umgangssprache oft auch als die Aktiengesellschaft der einfachen Leute bezeichnet. In den letzten zehn Jahren wurden in der Schweiz ca. 50&#8217;000 Untenehmens-Neugr\u00fcndungen in Form einer GmbH gemacht. Dies unterstreicht die Popularit\u00e4t dieser Unternehmensform.<\/p>\n\n\n\n<p>Zur Gr\u00fcndung einer Gesellschaft mit beschr\u00e4nkter Haftung gen\u00fcgt ein Gesellschafter. Ausserdem bedarf es einer \u00f6ffentlichen Beurkundung in Form von Statuten. Die Statuten m\u00fcssen Bestimmungen \u00fcber die Gesch\u00e4ftsf\u00fchrung enthalten. Die Rechtspers\u00f6nlichkeit der GmbH wird mit ihrem Eintrag ins Handelsregister erlangt. In den Statuten muss die H\u00f6he des Stammkapitals definiert werden. Das Stammkapital sollte mindestens CHF 20 &#8218;000.- betragen, wobei der Nennwert einer Einlage CHF 100 oder ein Vielfaches davon betragen muss (Art. 773 f. und Art. 782 Abs. 2 OR).<\/p>\n\n\n\n<p><br>Bei der Gr\u00fcndung der GmbH muss das gesamte Stammkapital liberiert sein. In erster Linie wird die Haftung f\u00fcr Schulden des Unternehmens durch das Stammkapital beschr\u00e4nkt. Es hat aber zugleich eine Gl\u00e4ubigerschutzfunktion, indem das Stammkapital als Haftungsmasse zur Verf\u00fcgung steht. Die Gesellschafter der GmbH haften solidarisch und subsidi\u00e4r bis zur H\u00f6he des nicht einbezahlten Stammkapitals. Eine Nachschusspflicht besteht nur, wenn dies in den Statuten festgehalten wurde (Art. 795 Abs. 1 OR). Die Vertretung der GmbH und die F\u00fchrung des operativen Gesch\u00e4fts haben die Gesellschafter gemeinsam inne, es sei denn die Statuten bestimmen etwas anderes. Mindestens ein Gesch\u00e4ftsf\u00fchrer muss seinen Wohnsitz in der Schweiz haben.<\/p>\n\n\n\n<p>Die GmgH gilt als flexibel und eignet sich bestens f\u00fcr KMU&#8217;s, welche auf einem nationalen und internationalen Markt t\u00e4tig sind und sich schnell den Verh\u00e4ltnissen anpassen m\u00f6chten. Weitere Vor- und Nachteile der GmbH finden Sie&nbsp;<a href=\"https:\/\/www.kmu.admin.ch\/kmu\/de\/home\/praktisches-wissen\/kmu-gruenden\/firmengruendung\/auswahl-rechtsform\/gmbh\/vor-und-nachteile.html\">hier<\/a>.<\/p>\n\n\n\n<section id=\"section-a9be9668-bf07-41c2-bc03-cb9a6fe6a0ce\" class=\"wp-block-gutentor-divider section-a9be9668-bf07-41c2-bc03-cb9a6fe6a0ce gutentor-element gutentor-section gutentor-divider text-center\"><div class=\"grid-container\"><div class=\"gutentor-divider-box\"><span><svg xmlns=\"http:\/\/www.w3.org\/2000\/svg\" viewBox=\"0 0 240 40\" preserveAspectRatio=\"none\"><path d=\"M56.2 20c5.3-.1 10.6-.2 16-.3l16-.2c10.6-.1 21.3-.1 31.9-.2 10.6.1 21.3 0 31.9.1l16 .2c5.3.1 10.6.2 16 .3-5.3.1-10.6.2-16 .3l-16 .2c-10.6.1-21.3.1-31.9.1-10.6-.1-21.3 0-31.9-.2l-16-.2c-5.4.1-10.7 0-16-.1z\"><\/path><\/svg><\/span><\/div><\/div><\/section>\n\n\n\n<h2 class=\"wp-block-heading\" id=\"h-die-steuern-in-der-schweiz\">Die Steuern in der Schweiz<\/h2>\n\n\n\n<h3 class=\"wp-block-heading\" id=\"h-wer-ist-in-der-schweiz-steuerpflichtig\">Wer ist in der Schweiz steuerpflichtig?<\/h3>\n\n\n\n<h3 class=\"wp-block-heading\" id=\"h-direkte-bundessteuer\">Direkte Bundessteuer<\/h3>\n\n\n\n<ul class=\"wp-block-list\"><li>Nat\u00fcrliche Personen, die in der Schweiz ihren&nbsp;Wohnsitz oder ihren Aufenthalt haben<\/li><li>Juristische Personen, die ihren Sitz oder ihre&nbsp;Betriebsst\u00e4tte in der Schweiz haben (vgl. BV Art. 128<\/li><li>Bei Juristische Personen in Form einer Abgabe auf den Unternehmensgewinn<\/li><\/ul>\n\n\n\n<section id=\"section-41e558a3-8a65-4f43-8087-2b8f884feb9b\" class=\"wp-block-gutentor-divider section-41e558a3-8a65-4f43-8087-2b8f884feb9b gutentor-element gutentor-section gutentor-divider text-center\"><div class=\"grid-container\"><div class=\"gutentor-divider-box\"><span><svg xmlns=\"http:\/\/www.w3.org\/2000\/svg\" viewBox=\"0 0 240 40\" preserveAspectRatio=\"none\"><path d=\"M56.2 20c5.3-.1 10.6-.2 16-.3l16-.2c10.6-.1 21.3-.1 31.9-.2 10.6.1 21.3 0 31.9.1l16 .2c5.3.1 10.6.2 16 .3-5.3.1-10.6.2-16 .3l-16 .2c-10.6.1-21.3.1-31.9.1-10.6-.1-21.3 0-31.9-.2l-16-.2c-5.4.1-10.7 0-16-.1z\"><\/path><\/svg><\/span><\/div><\/div><\/section>\n\n\n\n<h3 class=\"wp-block-heading\" id=\"h-steuerhinterziehung-steuerbetrug\">Steuerhinterziehung \/ Steuerbetrug&nbsp;<\/h3>\n\n\n\n<p>Bei der Steuerhinterziehung werden Einkommens-&nbsp;oder Verm\u00f6gensteile in der Steuererkl\u00e4rung verschwiegen, w\u00e4hrend beim Steuerbetrug<br>aktiv falsche Angaben gemacht werden,&nbsp;mit der Absicht, die Steuerbeh\u00f6rden \u00fcber die&nbsp;wahren Begebenheiten zu t\u00e4uschen.<\/p>\n\n\n\n<p>Eine Zusammenfassung \u00fcber das schweizerische Steuersystem finden Sie&nbsp;<a href=\"https:\/\/www.newsd.admin.ch\/newsd\/message\/attachments\/48788.pdf\">hier<\/a>.<\/p>\n\n\n\n<section id=\"section-bd8ac1cd-ec10-4f1a-8ca8-d551372185bc\" class=\"wp-block-gutentor-divider section-bd8ac1cd-ec10-4f1a-8ca8-d551372185bc gutentor-element gutentor-section gutentor-divider text-center\"><div class=\"grid-container\"><div class=\"gutentor-divider-box\"><span><svg xmlns=\"http:\/\/www.w3.org\/2000\/svg\" viewBox=\"0 0 240 40\" preserveAspectRatio=\"none\"><path d=\"M56.2 20c5.3-.1 10.6-.2 16-.3l16-.2c10.6-.1 21.3-.1 31.9-.2 10.6.1 21.3 0 31.9.1l16 .2c5.3.1 10.6.2 16 .3-5.3.1-10.6.2-16 .3l-16 .2c-10.6.1-21.3.1-31.9.1-10.6-.1-21.3 0-31.9-.2l-16-.2c-5.4.1-10.7 0-16-.1z\"><\/path><\/svg><\/span><\/div><\/div><\/section>\n\n\n\n<h3 class=\"wp-block-heading\" id=\"h-kapitalgesellschaften\">Kapitalgesellschaften<\/h3>\n\n\n\n<p>Kapitalgesellschaften m\u00fcssen Gewinnsteuern zahlen, sofern diese den Unternehmenssitz oder eine Verwaltungsstelle in der Schweiz haben.<\/p>\n\n\n\n<section id=\"section-66e840b5-a0aa-48e4-85ee-97b7816b7ff1\" class=\"wp-block-gutentor-divider section-66e840b5-a0aa-48e4-85ee-97b7816b7ff1 gutentor-element gutentor-section gutentor-divider text-center\"><div class=\"grid-container\"><div class=\"gutentor-divider-box\"><span><svg xmlns=\"http:\/\/www.w3.org\/2000\/svg\" viewBox=\"0 0 240 40\" preserveAspectRatio=\"none\"><path d=\"M56.2 20c5.3-.1 10.6-.2 16-.3l16-.2c10.6-.1 21.3-.1 31.9-.2 10.6.1 21.3 0 31.9.1l16 .2c5.3.1 10.6.2 16 .3-5.3.1-10.6.2-16 .3l-16 .2c-10.6.1-21.3.1-31.9.1-10.6-.1-21.3 0-31.9-.2l-16-.2c-5.4.1-10.7 0-16-.1z\"><\/path><\/svg><\/span><\/div><\/div><\/section>\n\n\n\n<h2 class=\"wp-block-heading\" id=\"h-vereine-stiftungen-und-brige-juristische-personen\">Vereine, Stiftungen und \u00fcbrige Juristische Personen<\/h2>\n\n\n\n<p>Stiftungen, Vereine und andere juristische Personen unterliegen einem fest definierten Steuersatz. Dieser wird auf dem Reingewinn erhoben.<\/p>\n\n\n\n<section id=\"section-b459658e-3574-4e24-8a16-596d9d8ec63d\" class=\"wp-block-gutentor-divider section-b459658e-3574-4e24-8a16-596d9d8ec63d gutentor-element gutentor-section gutentor-divider text-center\"><div class=\"grid-container\"><div class=\"gutentor-divider-box\"><span><svg xmlns=\"http:\/\/www.w3.org\/2000\/svg\" viewBox=\"0 0 240 40\" preserveAspectRatio=\"none\"><path d=\"M56.2 20c5.3-.1 10.6-.2 16-.3l16-.2c10.6-.1 21.3-.1 31.9-.2 10.6.1 21.3 0 31.9.1l16 .2c5.3.1 10.6.2 16 .3-5.3.1-10.6.2-16 .3l-16 .2c-10.6.1-21.3.1-31.9.1-10.6-.1-21.3 0-31.9-.2l-16-.2c-5.4.1-10.7 0-16-.1z\"><\/path><\/svg><\/span><\/div><\/div><\/section>\n\n\n\n<h2 class=\"wp-block-heading\" id=\"h-vereine-rechtsgrundlage-in-der-bundesverfassung\">Vereine: Rechtsgrundlage in der Bundesverfassung<\/h2>\n\n\n\n<ul class=\"wp-block-list\"><li>Die Vereinigungsfreiheit ist gew\u00e4hrleistet<\/li><li>Jede Person hat das Recht, Vereinigungen beizutreten oder anzugeh\u00f6ren und sich an den T\u00e4tigkeiten von Vereinigungen zu beteiligen.<\/li><li>Niemand darf gezwungen werden, einer Vereinigung beizutreten oder anzugeh\u00f6ren.<\/li><\/ul>\n\n\n\n<section id=\"section-05dabb5c-e1e3-424f-8c57-5528187950d9\" class=\"wp-block-gutentor-divider section-05dabb5c-e1e3-424f-8c57-5528187950d9 gutentor-element gutentor-section gutentor-divider text-center\"><div class=\"grid-container\"><div class=\"gutentor-divider-box\"><span><svg xmlns=\"http:\/\/www.w3.org\/2000\/svg\" viewBox=\"0 0 240 40\" preserveAspectRatio=\"none\"><path d=\"M56.2 20c5.3-.1 10.6-.2 16-.3l16-.2c10.6-.1 21.3-.1 31.9-.2 10.6.1 21.3 0 31.9.1l16 .2c5.3.1 10.6.2 16 .3-5.3.1-10.6.2-16 .3l-16 .2c-10.6.1-21.3.1-31.9.1-10.6-.1-21.3 0-31.9-.2l-16-.2c-5.4.1-10.7 0-16-.1z\"><\/path><\/svg><\/span><\/div><\/div><\/section>\n\n\n\n<h2 class=\"wp-block-heading\" id=\"h-was-gibt-es-f-r-vereine\">Was gibt es f\u00fcr Vereine?<\/h2>\n\n\n\n<ul class=\"wp-block-list\"><li>sportliche Vereine<\/li><li>gesellige Vereine<\/li><li>kulturelle Vereine<\/li><li>politische Vereine<\/li><li>religi\u00f6se Vereine<\/li><li>wissenschaftliche Vereine<\/li><li>k\u00fcnstlerische Vereine<\/li><li>wohlt\u00e4tige Vereine<\/li><\/ul>\n\n\n\n<section id=\"section-f9faa072-393c-4295-a68b-34630ef0dc85\" class=\"wp-block-gutentor-divider section-f9faa072-393c-4295-a68b-34630ef0dc85 gutentor-element gutentor-section gutentor-divider text-center\"><div class=\"grid-container\"><div class=\"gutentor-divider-box\"><span><svg xmlns=\"http:\/\/www.w3.org\/2000\/svg\" viewBox=\"0 0 240 40\" preserveAspectRatio=\"none\"><path d=\"M56.2 20c5.3-.1 10.6-.2 16-.3l16-.2c10.6-.1 21.3-.1 31.9-.2 10.6.1 21.3 0 31.9.1l16 .2c5.3.1 10.6.2 16 .3-5.3.1-10.6.2-16 .3l-16 .2c-10.6.1-21.3.1-31.9.1-10.6-.1-21.3 0-31.9-.2l-16-.2c-5.4.1-10.7 0-16-.1z\"><\/path><\/svg><\/span><\/div><\/div><\/section>\n\n\n\n<h2 class=\"wp-block-heading\" id=\"h-verein\">Verein<\/h2>\n\n\n\n<h3 class=\"wp-block-heading\" id=\"h-statuten\">Statuten<\/h3>\n\n\n\n<p>Ein Verein entsteht mit der Ausarbeitung und Annahme schriftlicher Statuten. Diese m\u00fcssen \u00fcber den Zweck, seine Mittel und seine Organisation Auskunft geben.&nbsp;Das ZGB schreibt den Statuten einige zwingende Rechtsnormen vor.<\/p>\n\n\n\n<h3 class=\"wp-block-heading\" id=\"h-zweck\"><strong>Zweck<\/strong><\/h3>\n\n\n\n<p id=\"h-zweckwarum-gibt-es-diesen-verein\">Warum gibt es diesen Verein?<\/p>\n\n\n\n<h3 class=\"wp-block-heading\" id=\"h-mittel\"><strong>Mittel<\/strong><\/h3>\n\n\n\n<p>Woher kommt das Geld?<\/p>\n\n\n\n<h3 class=\"wp-block-heading\" id=\"h-revisoren\"><strong>Revisoren<\/strong><\/h3>\n\n\n\n<p>Sie d\u00fcrfen nicht im Vorstand sitzen. Als Vertreter der Mitglieder pr\u00fcfen sie die Rechnungsf\u00fchrung und Verm\u00f6gensverwaltung des Vereins sowie die T\u00e4tigkeit des Vorstandes.<\/p>\n\n\n\n<section id=\"section-237ae699-d52f-43e4-9784-2656ff379a2b\" class=\"wp-block-gutentor-divider section-237ae699-d52f-43e4-9784-2656ff379a2b gutentor-element gutentor-section gutentor-divider text-center\"><div class=\"grid-container\"><div class=\"gutentor-divider-box\"><span><svg xmlns=\"http:\/\/www.w3.org\/2000\/svg\" viewBox=\"0 0 240 40\" preserveAspectRatio=\"none\"><path d=\"M56.2 20c5.3-.1 10.6-.2 16-.3l16-.2c10.6-.1 21.3-.1 31.9-.2 10.6.1 21.3 0 31.9.1l16 .2c5.3.1 10.6.2 16 .3-5.3.1-10.6.2-16 .3l-16 .2c-10.6.1-21.3.1-31.9.1-10.6-.1-21.3 0-31.9-.2l-16-.2c-5.4.1-10.7 0-16-.1z\"><\/path><\/svg><\/span><\/div><\/div><\/section>\n\n\n\n<h2 class=\"wp-block-heading\" id=\"h-verrechnungssteuer\">Verrechnungssteuer<\/h2>\n\n\n\n<p>Die Verrechnungssteuer ist ein Instrument zur Bek\u00e4mpfung der Steuerhinterziehung. Sie ist eine Quellensteuer des Bundes, die auf dem Ertrag von Zinsen und Dividenden sowie auf einzelne Versicherungsleistungen erhoben wird. Beim korrekten Erf\u00fcllen der Deklarationspflicht mit der Steuerschuld, wird der erhobene Steuerbetrag zur\u00fcckerstattet oder mit ausstehenden Forderungen verrechnet.<\/p>\n\n\n\n<h3 class=\"wp-block-heading\" id=\"h-wie-erhalten-die-steuerpflichtigen-die-verrechnungssteuer-zur-ck\">Wie erhalten die Steuerpflichtigen die Verrechnungssteuer zur\u00fcck?<\/h3>\n\n\n\n<ul class=\"wp-block-list\"><li>Man deklariert im Wertschriftenverzeichnis&nbsp;das Kapital per 31. Dezember des&nbsp;entsprechenden Jahres als Verm\u00f6gen und&nbsp;den daraus resultierenden Bruttozins, ebenso&nbsp;einen allf\u00e4lligen Brutto-Lottogewinn als&nbsp;Einkommen.<\/li><li>Die von der Bank bzw. von der Lottogesellschaft&nbsp;bereits abgezogene Verrechnungssteuer&nbsp;wird zur\u00fcckerstattet oder mit&nbsp;dem Steuerbetrag verrechnet, wenn das&nbsp;Wertschriftenverzeichnis mit integriertem&nbsp;R\u00fcckerstattungsantrag vollst\u00e4ndig ausgef\u00fcllt&nbsp;worden ist.<\/li><\/ul>\n\n\n\n<section id=\"section-1d2a2e19-b6d5-4cd4-ab6e-9131507a6c76\" class=\"wp-block-gutentor-divider section-1d2a2e19-b6d5-4cd4-ab6e-9131507a6c76 gutentor-element gutentor-section gutentor-divider text-center\"><div class=\"grid-container\"><div class=\"gutentor-divider-box\"><span><svg xmlns=\"http:\/\/www.w3.org\/2000\/svg\" viewBox=\"0 0 240 40\" preserveAspectRatio=\"none\"><path d=\"M56.2 20c5.3-.1 10.6-.2 16-.3l16-.2c10.6-.1 21.3-.1 31.9-.2 10.6.1 21.3 0 31.9.1l16 .2c5.3.1 10.6.2 16 .3-5.3.1-10.6.2-16 .3l-16 .2c-10.6.1-21.3.1-31.9.1-10.6-.1-21.3 0-31.9-.2l-16-.2c-5.4.1-10.7 0-16-.1z\"><\/path><\/svg><\/span><\/div><\/div><\/section>\n\n\n\n<h2 class=\"wp-block-heading\" id=\"h-mehrwertsteuer\">Mehrwertsteuer<\/h2>\n\n\n\n<p>Die Mehrwertsteuer wird auf allen Stufen der Produktion und Verteilung, beim Import und bei inl\u00e4ndischen Dienstleistungen erhoben. Steuerpflichtig sind selbst\u00e4ndig Erwerbende, welche einen Umsatz aufweisen, der h\u00f6her als CHF 100&#8217;000.- ist. Die gesetzlichen Grundlagen sowie die aktuellen Mehrwertsteuers\u00e4tze finden Sie&nbsp;<a href=\"https:\/\/www.estv.admin.ch\/estv\/de\/home\/mehrwertsteuer\/fachinformationen\/steuersaetze.html\">hier<\/a>.&nbsp;<\/p>\n\n\n\n<section id=\"section-66421ca2-ae68-47da-86ad-5e43f58bc9b8\" class=\"wp-block-gutentor-divider section-66421ca2-ae68-47da-86ad-5e43f58bc9b8 gutentor-element gutentor-section gutentor-divider text-center\"><div class=\"grid-container\"><div class=\"gutentor-divider-box\"><span><svg xmlns=\"http:\/\/www.w3.org\/2000\/svg\" viewBox=\"0 0 240 40\" preserveAspectRatio=\"none\"><path d=\"M56.2 20c5.3-.1 10.6-.2 16-.3l16-.2c10.6-.1 21.3-.1 31.9-.2 10.6.1 21.3 0 31.9.1l16 .2c5.3.1 10.6.2 16 .3-5.3.1-10.6.2-16 .3l-16 .2c-10.6.1-21.3.1-31.9.1-10.6-.1-21.3 0-31.9-.2l-16-.2c-5.4.1-10.7 0-16-.1z\"><\/path><\/svg><\/span><\/div><\/div><\/section>\n\n\n\n<h2 class=\"wp-block-heading\" id=\"h-stempelabgaben-abhabe-auf-emissonen-umsatzabgabe-abgabe-auf-versicherungspr-mien\">Stempelabgaben: Abhabe auf Emissonen, Umsatzabgabe, Abgabe auf Versicherungspr\u00e4mien<\/h2>\n\n\n\n<p>Die Stempelabgabe ist eine vom Bund erhobene Steuer, welche auf bestimmte Vorg\u00e4nge des Rechtsverkehres erhoben wird (z.B. Kapitalbeschaffung, Kapitalverkehr, Handel mit Wertschriften&#8230;)<\/p>\n\n\n\n<section id=\"section-72bbcb53-a2d4-4920-9d9b-acdd5ff1650a\" class=\"wp-block-gutentor-divider section-72bbcb53-a2d4-4920-9d9b-acdd5ff1650a gutentor-element gutentor-section gutentor-divider text-center\"><div class=\"grid-container\"><div class=\"gutentor-divider-box\"><span><svg xmlns=\"http:\/\/www.w3.org\/2000\/svg\" viewBox=\"0 0 240 40\" preserveAspectRatio=\"none\"><path d=\"M56.2 20c5.3-.1 10.6-.2 16-.3l16-.2c10.6-.1 21.3-.1 31.9-.2 10.6.1 21.3 0 31.9.1l16 .2c5.3.1 10.6.2 16 .3-5.3.1-10.6.2-16 .3l-16 .2c-10.6.1-21.3.1-31.9.1-10.6-.1-21.3 0-31.9-.2l-16-.2c-5.4.1-10.7 0-16-.1z\"><\/path><\/svg><\/span><\/div><\/div><\/section>\n\n\n\n<h2 class=\"wp-block-heading\" id=\"h-kantonale-steuern\">Kantonale Steuern<\/h2>\n\n\n\n<p>&nbsp;Jeder Kanton und jede Gemeinde kann seine eigenen Steuern erheben. Dieser steuerliche Wettbewerb f\u00fchrt zu einer Konkurrenzsituation mit unterschiedlichen Besteuerungen von Steuersubjekten, je nach dem, in welchem Kanton oder in welcher Gemeinde ihr Wohn- bzw. ihr Gesch\u00e4ftssitz liegt. Die Schweiz hat aus diesem Grund verglichen mit dem Ausland relativ geringe Steuers\u00e4tze. Ausl\u00e4ndische Investoren und reiche Privatpersonen finden in der Schweiz gute Rahmenbedingungen vor.&nbsp;<\/p>\n\n\n\n<section id=\"section-56f247e6-89a1-4b20-9011-3dd7e094fb42\" class=\"wp-block-gutentor-divider section-56f247e6-89a1-4b20-9011-3dd7e094fb42 gutentor-element gutentor-section gutentor-divider text-center\"><div class=\"grid-container\"><div class=\"gutentor-divider-box\"><span><svg xmlns=\"http:\/\/www.w3.org\/2000\/svg\" viewBox=\"0 0 240 40\" preserveAspectRatio=\"none\"><path d=\"M56.2 20c5.3-.1 10.6-.2 16-.3l16-.2c10.6-.1 21.3-.1 31.9-.2 10.6.1 21.3 0 31.9.1l16 .2c5.3.1 10.6.2 16 .3-5.3.1-10.6.2-16 .3l-16 .2c-10.6.1-21.3.1-31.9.1-10.6-.1-21.3 0-31.9-.2l-16-.2c-5.4.1-10.7 0-16-.1z\"><\/path><\/svg><\/span><\/div><\/div><\/section>\n\n\n\n<h2 class=\"wp-block-heading\" id=\"h-holding-und-beteiligungsgesellschaften\">Holding &#8211; und Beteiligungsgesellschaften<\/h2>\n\n\n\n<p>Bei den Gewinnsteuern haben Holdings Steuererleichterungen, auch die Kapitalsteuer ist vermindert.<\/p>\n\n\n\n<section id=\"section-673166cc-86fa-42a6-a1a4-c050a02a039e\" class=\"wp-block-gutentor-divider section-673166cc-86fa-42a6-a1a4-c050a02a039e gutentor-element gutentor-section gutentor-divider text-center\"><div class=\"grid-container\"><div class=\"gutentor-divider-box\"><span><svg xmlns=\"http:\/\/www.w3.org\/2000\/svg\" viewBox=\"0 0 240 40\" preserveAspectRatio=\"none\"><path d=\"M56.2 20c5.3-.1 10.6-.2 16-.3l16-.2c10.6-.1 21.3-.1 31.9-.2 10.6.1 21.3 0 31.9.1l16 .2c5.3.1 10.6.2 16 .3-5.3.1-10.6.2-16 .3l-16 .2c-10.6.1-21.3.1-31.9.1-10.6-.1-21.3 0-31.9-.2l-16-.2c-5.4.1-10.7 0-16-.1z\"><\/path><\/svg><\/span><\/div><\/div><\/section>\n\n\n\n<h2 class=\"wp-block-heading\" id=\"h-kontaktieren-sie-eine-anw-ltin-oder-einen-anwalt-f-r-gesellschafts-und-handelsrecht-in-z-rich\">Kontaktieren Sie eine Anw\u00e4ltin oder einen Anwalt f\u00fcr Gesellschafts- und Handelsrecht in Z\u00fcrich<\/h2>\n\n\n\n<p>Gerne unterst\u00fctzen wir Sie bei Fragen bez\u00fcglich einer Firmengr\u00fcndung. Auch bei anderen handels-, gesellschafts- und wirtschaftsrechtichen Fragen stehen wir Ihnen zur Verf\u00fcgung.&nbsp;<\/p>\n\n\n\n<figure class=\"wp-block-image size-large\" id=\"Anwalt-Gesellschaftsrecht\"><img loading=\"lazy\" decoding=\"async\" width=\"1024\" height=\"373\" src=\"https:\/\/www.wittib-law.ch\/Anwaltskanzlei-in-zuerich\/wp-content\/uploads\/2019\/12\/Screenshot-2019-03-12-10.19.32-1024x373.png\" alt=\"Anwalt Gesellschaftsrecht Z\u00fcrich\" class=\"wp-image-630\" title=\"Anwalt Gesellschaftsrecht\" srcset=\"https:\/\/www.wittib-law.ch\/Anwaltskanzlei-in-zuerich\/wp-content\/uploads\/2019\/12\/Screenshot-2019-03-12-10.19.32-1024x373.png 1024w, https:\/\/www.wittib-law.ch\/Anwaltskanzlei-in-zuerich\/wp-content\/uploads\/2019\/12\/Screenshot-2019-03-12-10.19.32-300x109.png 300w, https:\/\/www.wittib-law.ch\/Anwaltskanzlei-in-zuerich\/wp-content\/uploads\/2019\/12\/Screenshot-2019-03-12-10.19.32-768x279.png 768w, https:\/\/www.wittib-law.ch\/Anwaltskanzlei-in-zuerich\/wp-content\/uploads\/2019\/12\/Screenshot-2019-03-12-10.19.32-1536x559.png 1536w, https:\/\/www.wittib-law.ch\/Anwaltskanzlei-in-zuerich\/wp-content\/uploads\/2019\/12\/Screenshot-2019-03-12-10.19.32.png 1880w\" sizes=\"auto, (max-width: 1024px) 100vw, 1024px\" \/><figcaption>Anwalt Gesellschaftsrecht Z\u00fcrich<\/figcaption><\/figure>\n\n\n<p class='wp-call-button-block-button wp-call-button-block-button-center'><a class='wp-call-button-in-btn' href='tel:+41435450150' style='background-color:#3b5998' ><svg x=\"0px\" y=\"0px\" width=\"459px\" height=\"459px\" viewBox=\"0 0 459 459\">\r\n\t\t\t\t<path\r\n\t\t\t\t\td=\"M91.8,198.9c35.7,71.4,96.9,130.05,168.3,168.3L316.2,311.1c7.649-7.649,17.85-10.199,25.5-5.1c28.05,10.2,58.649,15.3,91.8,15.3c15.3,0,25.5,10.2,25.5,25.5v86.7c0,15.3-10.2,25.5-25.5,25.5C193.8,459,0,265.2,0,25.5C0,10.2,10.2,0,25.5,0h89.25c15.3,0,25.5,10.2,25.5,25.5c0,30.6,5.1,61.2,15.3,91.8c2.55,7.65,0,17.85-5.1,25.5L91.8,198.9z\"\r\n\t\t\t\t\/>\r\n\t\t\t<\/svg> +41 43 545 01 50<\/a><\/p>\n\n\n<section id=\"section-05ff1eee-3ec1-49ae-ba86-9e37bbe70075\" class=\"wp-block-gutentor-divider section-05ff1eee-3ec1-49ae-ba86-9e37bbe70075 gutentor-element gutentor-section gutentor-divider text-center\"><div class=\"grid-container\"><div class=\"gutentor-divider-box\"><span><svg xmlns=\"http:\/\/www.w3.org\/2000\/svg\" viewBox=\"0 0 240 40\" preserveAspectRatio=\"none\"><path d=\"M56.2 20c5.3-.1 10.6-.2 16-.3l16-.2c10.6-.1 21.3-.1 31.9-.2 10.6.1 21.3 0 31.9.1l16 .2c5.3.1 10.6.2 16 .3-5.3.1-10.6.2-16 .3l-16 .2c-10.6.1-21.3.1-31.9.1-10.6-.1-21.3 0-31.9-.2l-16-.2c-5.4.1-10.7 0-16-.1z\"><\/path><\/svg><\/span><\/div><\/div><\/section>\n\n\n\n<p>Liste der Dienstleistungen unserer Anw\u00e4lte<\/p>\n\n\n\n<ul class=\"wp-block-list\"><li>Firmengr\u00fcndung<\/li><li>Handelsregistereintrag<\/li><li>Beratung und Vertretung in handelsrechtlichen und steuerrechtlichen Aspekten (Wahl der geeigneten Gesellschaftsform, Ausgestaltung der Statuten, Zusammensetzung der Organe der Gesellschaft etc.)<\/li><li>Sitzwechsel<\/li><li>&nbsp;Ausarbeitung von Aktion\u00e4rbindungsvertr\u00e4gen und Statuten<\/li><\/ul>\n\n\n\n<section id=\"section-e7a50f2e-23a5-4aaa-b84a-7e9708cce26a\" class=\"wp-block-gutentor-divider section-e7a50f2e-23a5-4aaa-b84a-7e9708cce26a gutentor-element gutentor-section gutentor-divider text-center\"><div class=\"grid-container\"><div class=\"gutentor-divider-box\"><span><svg xmlns=\"http:\/\/www.w3.org\/2000\/svg\" viewBox=\"0 0 240 40\" preserveAspectRatio=\"none\"><path d=\"M56.2 20c5.3-.1 10.6-.2 16-.3l16-.2c10.6-.1 21.3-.1 31.9-.2 10.6.1 21.3 0 31.9.1l16 .2c5.3.1 10.6.2 16 .3-5.3.1-10.6.2-16 .3l-16 .2c-10.6.1-21.3.1-31.9.1-10.6-.1-21.3 0-31.9-.2l-16-.2c-5.4.1-10.7 0-16-.1z\"><\/path><\/svg><\/span><\/div><\/div><\/section>\n\n\n\n<p><strong>Kontaktieren Sie uns bei&nbsp;Fragen zum Gesellschaftsrecht<\/strong>!<\/p>\n\n\n\n<div id=\"atf\" class=\"row flex-md-row\" style=\"padding-left: 30px;\"><strong>Anwaltskanzlei Wittibschlager<\/strong><\/div>\n<p style=\"padding-left: 30px;\">Dufourstrasse 165<br> 8008 Z\u00fcrich<\/p>\n<div class=\"copyright pull-center text-center pb-md-5\" style=\"text-align: center; padding-left: 30px;\">&nbsp;<\/div>\n<div id=\"callbutton\" class=\"fixed-bottom text-center\" style=\"text-align: center;\"><a class=\"btn btn-primary\" href=\"tel:+435450150\">Vereinbaren Sie noch heute einen Termin in unserer Kanzlei<\/a><\/div>\n<div class=\"fixed-bottom text-center\" style=\"text-align: center;\"><a class=\"btn btn-primary\" href=\"tel:+435450150\"><br> 0435450150<\/a><\/div>\n<div class=\"fixed-bottom text-center\">&nbsp;<\/div>\n<div class=\"fixed-bottom text-center\">&nbsp;<\/div>\n\n\n\n<section id=\"section-b01cebdf-b4cb-40c9-b17c-a04c8b1e22ee\" class=\"wp-block-gutentor-divider section-b01cebdf-b4cb-40c9-b17c-a04c8b1e22ee gutentor-element gutentor-section gutentor-divider text-center\"><div class=\"grid-container\"><div class=\"gutentor-divider-box\"><span><svg xmlns=\"http:\/\/www.w3.org\/2000\/svg\" viewBox=\"0 0 240 40\" preserveAspectRatio=\"none\"><path d=\"M56.2 20c5.3-.1 10.6-.2 16-.3l16-.2c10.6-.1 21.3-.1 31.9-.2 10.6.1 21.3 0 31.9.1l16 .2c5.3.1 10.6.2 16 .3-5.3.1-10.6.2-16 .3l-16 .2c-10.6.1-21.3.1-31.9.1-10.6-.1-21.3 0-31.9-.2l-16-.2c-5.4.1-10.7 0-16-.1z\"><\/path><\/svg><\/span><\/div><\/div><\/section>\n\n\n\n\n\n<section id=\"section-0ac3fe8d-7d82-48a1-9ddf-5696dbc19c1e\" class=\"wp-block-gutentor-divider section-0ac3fe8d-7d82-48a1-9ddf-5696dbc19c1e gutentor-element gutentor-section gutentor-divider text-center\"><div class=\"grid-container\"><div class=\"gutentor-divider-box\"><span><svg xmlns=\"http:\/\/www.w3.org\/2000\/svg\" viewBox=\"0 0 240 40\" preserveAspectRatio=\"none\"><path d=\"M56.2 20c5.3-.1 10.6-.2 16-.3l16-.2c10.6-.1 21.3-.1 31.9-.2 10.6.1 21.3 0 31.9.1l16 .2c5.3.1 10.6.2 16 .3-5.3.1-10.6.2-16 .3l-16 .2c-10.6.1-21.3.1-31.9.1-10.6-.1-21.3 0-31.9-.2l-16-.2c-5.4.1-10.7 0-16-.1z\"><\/path><\/svg><\/span><\/div><\/div><\/section>\n\n\n<p class='wp-call-button-block-button wp-call-button-block-button-center'><a class='wp-call-button-in-btn' href='tel:+41435450150' style='background-color:#3b5998' ><svg x=\"0px\" y=\"0px\" width=\"459px\" height=\"459px\" viewBox=\"0 0 459 459\">\r\n\t\t\t\t<path\r\n\t\t\t\t\td=\"M91.8,198.9c35.7,71.4,96.9,130.05,168.3,168.3L316.2,311.1c7.649-7.649,17.85-10.199,25.5-5.1c28.05,10.2,58.649,15.3,91.8,15.3c15.3,0,25.5,10.2,25.5,25.5v86.7c0,15.3-10.2,25.5-25.5,25.5C193.8,459,0,265.2,0,25.5C0,10.2,10.2,0,25.5,0h89.25c15.3,0,25.5,10.2,25.5,25.5c0,30.6,5.1,61.2,15.3,91.8c2.55,7.65,0,17.85-5.1,25.5L91.8,198.9z\"\r\n\t\t\t\t\/>\r\n\t\t\t<\/svg> +41 43 545 01 50<\/a><\/p>\n\n\n<section id=\"section-88e7c978-0a49-4ebd-afeb-8790db0bce5c\" class=\"wp-block-gutentor-divider section-88e7c978-0a49-4ebd-afeb-8790db0bce5c gutentor-element gutentor-section gutentor-divider text-center\"><div class=\"grid-container\"><div class=\"gutentor-divider-box\"><span><svg xmlns=\"http:\/\/www.w3.org\/2000\/svg\" viewBox=\"0 0 240 40\" preserveAspectRatio=\"none\"><path d=\"M56.2 20c5.3-.1 10.6-.2 16-.3l16-.2c10.6-.1 21.3-.1 31.9-.2 10.6.1 21.3 0 31.9.1l16 .2c5.3.1 10.6.2 16 .3-5.3.1-10.6.2-16 .3l-16 .2c-10.6.1-21.3.1-31.9.1-10.6-.1-21.3 0-31.9-.2l-16-.2c-5.4.1-10.7 0-16-.1z\"><\/path><\/svg><\/span><\/div><\/div><\/section>\n\n\n\n<h2 class=\"wp-block-heading\" id=\"h-hier-finden-sie-uns-routenplaner\">Hier finden Sie uns &#8211; Routenplaner<\/h2>\n\n\n\n<div class=\"wp-block-yoast-seo-local-map\"><div id=\"map_canvas\" class=\"wpseo-map-canvas\" style=\"max-width: 100%; width: 1000px; height: 255px;\"><ul><li><a href=\"https:\/\/www.wittib-law.ch\/Anwaltskanzlei-in-zuerich\/\">Anwaltskanzlei Zuerich<\/a><\/li><\/ul><\/div><div id=\"wpseo-directions-wrapper\"><h3 id=\"wpseo-directions\" class=\"wpseo-directions-heading\">Route<\/h3><form action=\"\" method=\"post\" class=\"wpseo-directions-form\" id=\"wpseo-directions-form\" onsubmit=\"wpseo_calculate_route( wpseoMapOptions[0].map, wpseoMapOptions[0].directionsDisplay, wpseoMapOptions[0].mapVars[0], wpseoMapOptions[0].mapVars[1], 0); return false;\"><p>Deine Adresse: <input type=\"text\" size=\"20\" id=\"origin\" value=\"\" \/><input type=\"submit\" class=\"wpseo-directions-submit\" value=\"Zeige Route\"><span id=\"wpseo-noroute\" style=\"display: none;\">Es konnte keine Route berechnet werden.<\/span><\/p><\/form><div id=\"directions\"><\/div><\/div><\/div>\n\n\n\n<section id=\"section-bcb57964-675c-46f6-ab5d-181dc64fbe4c\" class=\"wp-block-gutentor-divider section-bcb57964-675c-46f6-ab5d-181dc64fbe4c gutentor-element gutentor-section gutentor-divider text-center\"><div class=\"grid-container\"><div class=\"gutentor-divider-box\"><span><svg xmlns=\"http:\/\/www.w3.org\/2000\/svg\" viewBox=\"0 0 240 40\" preserveAspectRatio=\"none\"><path d=\"M56.2 20c5.3-.1 10.6-.2 16-.3l16-.2c10.6-.1 21.3-.1 31.9-.2 10.6.1 21.3 0 31.9.1l16 .2c5.3.1 10.6.2 16 .3-5.3.1-10.6.2-16 .3l-16 .2c-10.6.1-21.3.1-31.9.1-10.6-.1-21.3 0-31.9-.2l-16-.2c-5.4.1-10.7 0-16-.1z\"><\/path><\/svg><\/span><\/div><\/div><\/section>\n\n\n\n<div class=\"wp-block-yoast-seo-local-address\"><div id=\"wpseo_location-\" class=\"wpseo-location\"><h3><span class=\"wpseo-business-name\">Anwaltskanzlei Zuerich<\/span><\/h3><div class=\"wpseo-address-wrapper\"><div class=\"street-address\">L\u00f6wenstrasse 43<\/div><span class=\"locality\"> Z\u00fcrich<\/span><\/div><span class=\"wpseo-phone\">Telefon: <a href=\"tel:+41435450150\" class=\"tel\"><span>+41435450150<\/span><\/a><\/span><br\/><span class=\"wpseo-email\">E-Mail: <a href=\"mailto:i&#110;&#102;o&#064;&#119;it&#116;i&#098;-&#108;&#097;w&#046;ch\">in&#102;&#111;&#64;witti&#98;&#45;&#108;&#97;&#119;.&#99;h<\/a><\/span><br\/><\/div><\/div>\n\n\n\n<section id=\"section-d0986d4a-adb0-4ef2-bcd5-27e21853f687\" class=\"wp-block-gutentor-divider section-d0986d4a-adb0-4ef2-bcd5-27e21853f687 gutentor-element gutentor-section gutentor-divider text-center\"><div class=\"grid-container\"><div class=\"gutentor-divider-box\"><span><svg xmlns=\"http:\/\/www.w3.org\/2000\/svg\" viewBox=\"0 0 240 40\" preserveAspectRatio=\"none\"><path d=\"M56.2 20c5.3-.1 10.6-.2 16-.3l16-.2c10.6-.1 21.3-.1 31.9-.2 10.6.1 21.3 0 31.9.1l16 .2c5.3.1 10.6.2 16 .3-5.3.1-10.6.2-16 .3l-16 .2c-10.6.1-21.3.1-31.9.1-10.6-.1-21.3 0-31.9-.2l-16-.2c-5.4.1-10.7 0-16-.1z\"><\/path><\/svg><\/span><\/div><\/div><\/section>\n\n\n\n<h3 class=\"wp-block-heading\" id=\"h-ffnungszeiten-telefonische-erreichbarkeit\">\u00d6ffnungszeiten &#8211; telefonische Erreichbarkeit<\/h3>\n\n\n\n<div class=\"wp-block-yoast-seo-local-opening-hours\"><div class=\"wpseo-opening-hours-wrapper\"><table class=\"wpseo-opening-hours\" id =\"wpseo-opening-hours-\"><tr><td class=\"day\">Montag<\/td><td class=\"time\"><span>8:00 AM - 5:00 PM<\/span><\/td><\/tr><tr><td class=\"day\">Dienstag<\/td><td class=\"time\"><span>8:00 AM - 5:00 PM<\/span><\/td><\/tr><tr><td class=\"day\">Mittwoch<\/td><td class=\"time\"><span>8:00 AM - 5:00 PM<\/span><\/td><\/tr><tr><td class=\"day\">Donnerstag<\/td><td class=\"time\"><span>8:00 AM - 5:00 PM<\/span><\/td><\/tr><tr><td class=\"day\">Freitag<\/td><td class=\"time\"><span>8:00 AM - 5:00 PM<\/span><\/td><\/tr><tr><td class=\"day\">Samstag<\/td><td class=\"time\">Geschlossen<\/td><\/tr><tr><td class=\"day\">Sonntag<\/td><td class=\"time\">Geschlossen<\/td><\/tr><\/table><\/div><\/div>\n\n\n\n<section id=\"section-1359e521-5200-4057-80dc-909d0bf5ba39\" class=\"wp-block-gutentor-divider section-1359e521-5200-4057-80dc-909d0bf5ba39 gutentor-element gutentor-section gutentor-divider text-center\"><div class=\"grid-container\"><div class=\"gutentor-divider-box\"><span><svg xmlns=\"http:\/\/www.w3.org\/2000\/svg\" viewBox=\"0 0 240 40\" preserveAspectRatio=\"none\"><path d=\"M56.2 20c5.3-.1 10.6-.2 16-.3l16-.2c10.6-.1 21.3-.1 31.9-.2 10.6.1 21.3 0 31.9.1l16 .2c5.3.1 10.6.2 16 .3-5.3.1-10.6.2-16 .3l-16 .2c-10.6.1-21.3.1-31.9.1-10.6-.1-21.3 0-31.9-.2l-16-.2c-5.4.1-10.7 0-16-.1z\"><\/path><\/svg><\/span><\/div><\/div><\/section>\n\n\n<p class='wp-call-button-block-button wp-call-button-block-button-center'><a class='wp-call-button-in-btn' href='tel:+41435450150' style='background-color:#3b5998' ><svg x=\"0px\" y=\"0px\" width=\"459px\" height=\"459px\" viewBox=\"0 0 459 459\">\r\n\t\t\t\t<path\r\n\t\t\t\t\td=\"M91.8,198.9c35.7,71.4,96.9,130.05,168.3,168.3L316.2,311.1c7.649-7.649,17.85-10.199,25.5-5.1c28.05,10.2,58.649,15.3,91.8,15.3c15.3,0,25.5,10.2,25.5,25.5v86.7c0,15.3-10.2,25.5-25.5,25.5C193.8,459,0,265.2,0,25.5C0,10.2,10.2,0,25.5,0h89.25c15.3,0,25.5,10.2,25.5,25.5c0,30.6,5.1,61.2,15.3,91.8c2.55,7.65,0,17.85-5.1,25.5L91.8,198.9z\"\r\n\t\t\t\t\/>\r\n\t\t\t<\/svg> +41 43 545 01 50<\/a><\/p>\n\n\n<section id=\"section-4df4f899-e0f5-4d7d-84eb-db6542bcf46a\" class=\"wp-block-gutentor-divider section-4df4f899-e0f5-4d7d-84eb-db6542bcf46a gutentor-element gutentor-section gutentor-divider text-center\"><div class=\"grid-container\"><div class=\"gutentor-divider-box\"><span><svg xmlns=\"http:\/\/www.w3.org\/2000\/svg\" viewBox=\"0 0 240 40\" preserveAspectRatio=\"none\"><path d=\"M56.2 20c5.3-.1 10.6-.2 16-.3l16-.2c10.6-.1 21.3-.1 31.9-.2 10.6.1 21.3 0 31.9.1l16 .2c5.3.1 10.6.2 16 .3-5.3.1-10.6.2-16 .3l-16 .2c-10.6.1-21.3.1-31.9.1-10.6-.1-21.3 0-31.9-.2l-16-.2c-5.4.1-10.7 0-16-.1z\"><\/path><\/svg><\/span><\/div><\/div><\/section>\n\n\n\n<h2 class=\"wp-block-heading\" id=\"h-als-anw-ltin-expertin-f-r-internationales-privatrecht-auf-kabeleins\">Als Anw\u00e4ltin &amp; Expertin f\u00fcr internationales Privatrecht auf Kabeleins.<\/h2>\n\n\n\n<p><strong>Achtung Abzocke<\/strong> geh\u00f6rt zu den erfolgreichsten Sendungen auf Kabeleins. Der beliebte <strong>TV-Moderator Peter Giesel<\/strong> l\u00e4sst sich umfassend von <strong>Stanislava Wittibschlager<\/strong> beraten.<\/p>\n\n\n\n<figure class=\"wp-block-embed aligncenter is-type-video is-provider-youtube wp-block-embed-youtube wp-embed-aspect-16-9 wp-has-aspect-ratio\"><div class=\"wp-block-embed__wrapper\">\n<iframe loading=\"lazy\" title=\"Krumme Gesch\u00e4fte: E-Bike-Verk\u00e4ufer verpfeift Ex-Gesch\u00e4ftspartner| 2\/3 | Achtung Abzocke | Kabel Eins\" width=\"550\" height=\"309\" src=\"https:\/\/www.youtube.com\/embed\/34dHcfpV3QQ?start=41&#038;feature=oembed\" frameborder=\"0\" allow=\"accelerometer; autoplay; clipboard-write; encrypted-media; gyroscope; picture-in-picture; web-share\" referrerpolicy=\"strict-origin-when-cross-origin\" allowfullscreen><\/iframe>\n<\/div><figcaption><strong>TV-Moderator Peter Giesel<\/strong> stellt Stanislava Wittibschlager Fragen zum Schweizer Insolvenzrecht.<\/figcaption><\/figure>\n\n\n\n<section id=\"section-437f9036-b631-4dfd-9b6b-e071a32347f4\" class=\"wp-block-gutentor-divider section-437f9036-b631-4dfd-9b6b-e071a32347f4 gutentor-element gutentor-section gutentor-divider text-center\"><div class=\"grid-container\"><div class=\"gutentor-divider-box\"><span><svg xmlns=\"http:\/\/www.w3.org\/2000\/svg\" viewBox=\"0 0 240 40\" preserveAspectRatio=\"none\"><path d=\"M56.2 20c5.3-.1 10.6-.2 16-.3l16-.2c10.6-.1 21.3-.1 31.9-.2 10.6.1 21.3 0 31.9.1l16 .2c5.3.1 10.6.2 16 .3-5.3.1-10.6.2-16 .3l-16 .2c-10.6.1-21.3.1-31.9.1-10.6-.1-21.3 0-31.9-.2l-16-.2c-5.4.1-10.7 0-16-.1z\"><\/path><\/svg><\/span><\/div><\/div><\/section>\n\n\n\n<p>Weitere Infos<\/p>\n\n\n\n<ul class=\"wp-block-yoast-seo-related-links\"><li><a href=\"https:\/\/www.wittib-law.ch\/Anwaltskanzlei-in-zuerich\/anwalt-handelsrecht\/\">Anwalt \/ Anwaeltin Handelsrecht<\/a><\/li><li><a href=\"https:\/\/www.wittib-law.ch\/Anwaltskanzlei-in-zuerich\/notariat-anwalt-anwaeltin-firmengruendungen-und-vertragsschliessungen\/\">Anwalt Firmengr\u00fcndung Vertragsschliessung<\/a><\/li><li><a href=\"https:\/\/www.wittib-law.ch\/Anwaltskanzlei-in-zuerich\/anwalt-fur-transportrecht-vertragsrecht-und-logistik\/\">Anw\u00e4ltin \/ Anwalt f\u00fcr Transportrecht, Vertragsrecht und Logistik<\/a><\/li><li><a href=\"https:\/\/www.wittib-law.ch\/Anwaltskanzlei-in-zuerich\/anwalt-anwaeltin-fuer-personenrecht\/\">Anwalt Personenrecht<\/a><\/li><li><a href=\"https:\/\/www.wittib-law.ch\/Anwaltskanzlei-in-zuerich\/anwalt-unternehmensrecht-firmenrecht-betriebsnachfolge\/\">Anwalt \/ Anw\u00e4ltin f\u00fcr Unternehmens-, Firmenrecht  und Betriebsnachfolge<\/a><\/li><\/ul>\n<div style='text-align:center' class='yasr-auto-insert-visitor'><!--Yasr Visitor Votes Shortcode--><div id='yasr_visitor_votes_61860797691ef' class='yasr-visitor-votes'><div class=\"yasr-custom-text-vv-before yasr-custom-text-vv-before-4437\">Ratings \/ Bewertungen<\/div><div id='yasr-vv-second-row-container-61860797691ef'\r\n                                        class='yasr-vv-second-row-container'><div id='yasr-visitor-votes-rater-61860797691ef'\r\n                                      class='yasr-rater-stars-vv'\r\n                                      data-rater-postid='4437'\r\n                                      data-rating='4.9'\r\n                                      data-rater-starsize='24'\r\n                                      data-rater-readonly='true'\r\n                                      data-rater-nonce='a3f58ff179'\r\n                                      data-issingular='false'\r\n                                    ><\/div><div class=\"yasr-vv-stats-text-container\" id=\"yasr-vv-stats-text-container-61860797691ef\"><svg xmlns=\"https:\/\/www.w3.org\/2000\/svg\" width=\"20\" height=\"20\"\r\n                                   class=\"yasr-dashicons-visitor-stats\"\r\n                                   data-postid=\"4437\"\r\n                                   id=\"yasr-stats-dashicon-61860797691ef\">\r\n                                   <path d=\"M18 18v-16h-4v16h4zM12 18v-11h-4v11h4zM6 18v-8h-4v8h4z\"><\/path>\r\n                               <\/svg><span id=\"yasr-vv-text-container-61860797691ef\" class=\"yasr-vv-text-container\">[Anzahl der Bewertungen: <span id=\"yasr-vv-votes-number-container-61860797691ef\">139<\/span>  Durchschnitt: <span id=\"yasr-vv-average-container-61860797691ef\">4.9<\/span>]<\/span><\/div><div id='yasr-vv-loader-61860797691ef' class='yasr-vv-container-loader'><\/div><\/div><div id='yasr-vv-bottom-container-61860797691ef' class='yasr-vv-bottom-container'><div class='yasr-small-block-bold'><span class='yasr-visitor-votes-must-sign-in'>99% zufriedene Nutzer \/ Durchschnittsbewertungen unserer Klienten<\/span><\/div><\/div><\/div><!--End Yasr Visitor Votes Shortcode--><\/div>","protected":false},"excerpt":{"rendered":"<p>Suchen Sie einen Anwalt f\u00fcr Gesellschaftsrecht in Z\u00fcrich? Ben\u00f6tigt Ihr Unternehmen eine Rechtsberatung? Unsere Anwaltskanzlei richtet Ihren Fokus auf Gesellschaftsrecht. Wollen Sie mehr \u00fcber gesellschaftsrechtliche Aspekte von Kapitalgesellschaften, Vereinen, Stiftungen, Kollektivgesellschaften, Kommanditgesellschaften, Genossenschaften, Aktiengesellschaften, Gesellschaften mit beschr\u00e4nkter Haftung oder anderen Personenvereinigungen wissen? Was unterscheidet eine Anstalt von einer Stiftung? Handelsrecht, Gesellschaftsrecht und Firmengr\u00fcndungen Unser Anwalt [&hellip;]<\/p>\n","protected":false},"author":1,"featured_media":634,"comment_status":"closed","ping_status":"open","sticky":true,"template":"","format":"standard","meta":{"yasr_overall_rating":0,"yasr_post_is_review":"","yasr_auto_insert_disabled":"","yasr_review_type":"","footnotes":""},"categories":[761],"tags":[268,266,1796,1509,1797,1682,1522,264,1524,1683,1684,263,267,1685,161,1686,151,1523,1687,1053,1688,1689,257,160,629,262,1681],"class_list":["post-4437","post","type-post","status-publish","format-standard","has-post-thumbnail","hentry","category-gesellschaftsrecht","tag-ag","tag-aktiengesellschaft","tag-anwalt-gesellschaftrecht","tag-anwalt-gesellschaftsrecht-zuerich-2","tag-anwalt-zuerich-gesellschaftrecht","tag-businessplan","tag-einfache-gesellschaft","tag-firmengruendung","tag-genossenschaft","tag-gesellschaft-mit-beschraenkter-haftung","tag-gesellschaftsgruendung","tag-gesellschaftsrecht","tag-gmbh","tag-gruendungsunterlagen","tag-handelsrecht","tag-handelsregister","tag-kapitalherabsetzungen","tag-kollektivgesellschaft","tag-mehrwertsteuer-anmelden","tag-steuerbetrug","tag-steuerhinterziehung","tag-steuern-schweiz","tag-stiftung","tag-unternehmensrecht","tag-verein","tag-vertragsrecht","tag-wirtschaftsrecht"],"yasr_visitor_votes":{"stars_attributes":{"read_only":true,"span_bottom":"<div class='yasr-small-block-bold'><span class='yasr-visitor-votes-must-sign-in'>99% zufriedene Nutzer \/ Durchschnittsbewertungen unserer Klienten<\/span><\/div>"},"number_of_votes":139,"sum_votes":688},"gutentor_comment":8,"yoast_head":"<!-- This site is optimized with the Yoast SEO Premium plugin v26.4 (Yoast SEO v27.4) - https:\/\/yoast.com\/product\/yoast-seo-premium-wordpress\/ -->\n<title>Anwalt Gesellschaftsrecht in Z\u00fcrich \u2713 Unternehmensrecht \u2713 Vertragsrecht<\/title>\n<meta name=\"description\" content=\"Anwalt f\u00fcr Gesellschaftsrecht in Z\u00fcrich \u2713 Beurkundungen \u2713 Gr\u00fcndungen \u2713 Abwicklung von Transaktionen \u2713 Kanzlei f\u00fcr Handels- &amp; Wirtschaftsrecht\" \/>\n<meta name=\"robots\" content=\"index, follow, max-snippet:-1, max-image-preview:large, max-video-preview:-1\" \/>\n<link rel=\"canonical\" href=\"https:\/\/www.wittib-law.ch\/Anwaltskanzlei-in-zuerich\/anwalt-gesellschaftsrecht-zuerich\/\" \/>\n<meta property=\"og:locale\" content=\"de_DE\" \/>\n<meta property=\"og:type\" content=\"article\" \/>\n<meta property=\"og:title\" content=\"Anwalt Gesellschaftsrecht in Z\u00fcrich \u2713 Unternehmensrecht \u2713 Vertragsrecht\" \/>\n<meta property=\"og:description\" content=\"Anwalt f\u00fcr Gesellschaftsrecht in Z\u00fcrich \u2713 Beurkundungen \u2713 Gr\u00fcndungen \u2713 Abwicklung von Transaktionen \u2713 Kanzlei f\u00fcr Handels- &amp; Wirtschaftsrecht\" \/>\n<meta property=\"og:url\" content=\"https:\/\/www.wittib-law.ch\/Anwaltskanzlei-in-zuerich\/anwalt-gesellschaftsrecht-zuerich\/\" \/>\n<meta property=\"og:site_name\" content=\"Ihr Anwalt in Z\u00fcrich\" \/>\n<meta property=\"article:publisher\" content=\"https:\/\/www.facebook.com\/Anwalt-f%c3%bcr-Familienrech-Arbeitsrecht-und-Scheidungsrecht-Z%c3%bcrich-2016470341934582\" \/>\n<meta property=\"article:published_time\" content=\"2020-11-25T18:33:59+00:00\" \/>\n<meta property=\"article:modified_time\" content=\"2021-11-02T09:56:27+00:00\" \/>\n<meta property=\"og:image\" content=\"https:\/\/www.wittib-law.ch\/Anwaltskanzlei-in-zuerich\/wp-content\/uploads\/2019\/12\/Screenshot-2019-03-12-10.20.15.png\" \/>\n\t<meta property=\"og:image:width\" content=\"1881\" \/>\n\t<meta property=\"og:image:height\" content=\"677\" \/>\n\t<meta property=\"og:image:type\" content=\"image\/png\" \/>\n<meta name=\"author\" content=\"admin\" \/>\n<meta name=\"twitter:card\" content=\"summary_large_image\" \/>\n<meta name=\"twitter:title\" content=\"Anwalt Gesellschaftsrecht in Z\u00fcrich \u2713 Unternehmensrecht \u2713 Vertragsrecht\" \/>\n<meta name=\"twitter:description\" content=\"Anwalt f\u00fcr Gesellschaftsrecht in Z\u00fcrich \u2713 Beurkundungen \u2713 Gr\u00fcndungen \u2713 Abwicklung von Transaktionen \u2713 Kanzlei f\u00fcr Handels- &amp; Wirtschaftsrecht\" \/>\n<meta name=\"twitter:label1\" content=\"Verfasst von\" \/>\n\t<meta name=\"twitter:data1\" content=\"admin\" \/>\n\t<meta name=\"twitter:label2\" content=\"Gesch\u00e4tzte Lesezeit\" \/>\n\t<meta name=\"twitter:data2\" content=\"14\u00a0Minuten\" \/>\n<meta name=\"geo.placename\" content=\"Z\u00fcrich\" \/>\n<meta name=\"geo.position\" content=\"47.37554931640625;8.53688907623291\" \/>\n<meta name=\"geo.region\" content=\"Schweiz\" \/>\n<!-- \/ Yoast SEO Premium plugin. -->","yoast_head_json":{"title":"Anwalt Gesellschaftsrecht in Z\u00fcrich \u2713 Unternehmensrecht \u2713 Vertragsrecht","description":"Anwalt f\u00fcr Gesellschaftsrecht in Z\u00fcrich \u2713 Beurkundungen \u2713 Gr\u00fcndungen \u2713 Abwicklung von Transaktionen \u2713 Kanzlei f\u00fcr Handels- & Wirtschaftsrecht","robots":{"index":"index","follow":"follow","max-snippet":"max-snippet:-1","max-image-preview":"max-image-preview:large","max-video-preview":"max-video-preview:-1"},"canonical":"https:\/\/www.wittib-law.ch\/Anwaltskanzlei-in-zuerich\/anwalt-gesellschaftsrecht-zuerich\/","og_locale":"de_DE","og_type":"article","og_title":"Anwalt Gesellschaftsrecht in Z\u00fcrich \u2713 Unternehmensrecht \u2713 Vertragsrecht","og_description":"Anwalt f\u00fcr Gesellschaftsrecht in Z\u00fcrich \u2713 Beurkundungen \u2713 Gr\u00fcndungen \u2713 Abwicklung von Transaktionen \u2713 Kanzlei f\u00fcr Handels- & Wirtschaftsrecht","og_url":"https:\/\/www.wittib-law.ch\/Anwaltskanzlei-in-zuerich\/anwalt-gesellschaftsrecht-zuerich\/","og_site_name":"Ihr Anwalt in Z\u00fcrich","article_publisher":"https:\/\/www.facebook.com\/Anwalt-f%c3%bcr-Familienrech-Arbeitsrecht-und-Scheidungsrecht-Z%c3%bcrich-2016470341934582","article_published_time":"2020-11-25T18:33:59+00:00","article_modified_time":"2021-11-02T09:56:27+00:00","og_image":[{"width":1881,"height":677,"url":"https:\/\/www.wittib-law.ch\/Anwaltskanzlei-in-zuerich\/wp-content\/uploads\/2019\/12\/Screenshot-2019-03-12-10.20.15.png","type":"image\/png"}],"author":"admin","twitter_card":"summary_large_image","twitter_title":"Anwalt Gesellschaftsrecht in Z\u00fcrich \u2713 Unternehmensrecht \u2713 Vertragsrecht","twitter_description":"Anwalt f\u00fcr Gesellschaftsrecht in Z\u00fcrich \u2713 Beurkundungen \u2713 Gr\u00fcndungen \u2713 Abwicklung von Transaktionen \u2713 Kanzlei f\u00fcr Handels- & Wirtschaftsrecht","twitter_misc":{"Verfasst von":"admin","Gesch\u00e4tzte Lesezeit":"14\u00a0Minuten"},"schema":{"@context":"https:\/\/schema.org","@graph":[{"@type":"Article","@id":"https:\/\/www.wittib-law.ch\/Anwaltskanzlei-in-zuerich\/anwalt-gesellschaftsrecht-zuerich\/#article","isPartOf":{"@id":"https:\/\/www.wittib-law.ch\/Anwaltskanzlei-in-zuerich\/anwalt-gesellschaftsrecht-zuerich\/"},"author":{"name":"admin","@id":"https:\/\/www.wittib-law.ch\/Anwaltskanzlei-in-zuerich\/#\/schema\/person\/ec474bcf05847172fd79b7752ef1f99a"},"headline":"Anwalt Gesellschaftsrecht","datePublished":"2020-11-25T18:33:59+00:00","dateModified":"2021-11-02T09:56:27+00:00","mainEntityOfPage":{"@id":"https:\/\/www.wittib-law.ch\/Anwaltskanzlei-in-zuerich\/anwalt-gesellschaftsrecht-zuerich\/"},"wordCount":2937,"publisher":{"@id":"https:\/\/www.wittib-law.ch\/Anwaltskanzlei-in-zuerich\/#organization"},"image":{"@id":"https:\/\/www.wittib-law.ch\/Anwaltskanzlei-in-zuerich\/anwalt-gesellschaftsrecht-zuerich\/#primaryimage"},"thumbnailUrl":"https:\/\/www.wittib-law.ch\/Anwaltskanzlei-in-zuerich\/wp-content\/uploads\/2019\/12\/Screenshot-2019-03-12-10.20.15.png","keywords":["AG","Aktiengesellschaft","Anwalt Gesellschaftrecht","Anwalt Gesellschaftsrecht Z\u00fcrich","Anwalt Z\u00fcrich Gesellschaftrecht","Businessplan","einfache Gesellschaft","Firmengr\u00fcndung","Genossenschaft","Gesellschaft mit beschr\u00e4nkter Haftung","Gesellschaftsgr\u00fcndung","Gesellschaftsrecht","GmbH","Gr\u00fcndungsunterlagen","Handelsrecht","Handelsregister","Kapitalherabsetzungen","Kollektivgesellschaft","Mehrwertsteuer anmelden","Steuerbetrug","Steuerhinterziehung","Steuern Schweiz","Stiftung","Unternehmensrecht","Verein","Vertragsrecht","Wirtschaftsrecht"],"articleSection":["Gesellschaftsrecht"],"inLanguage":"de","copyrightYear":"2020","copyrightHolder":{"@id":"https:\/\/www.wittib-law.ch\/Anwaltskanzlei-in-zuerich\/#organization"},"accessibilityFeature":["tableOfContents"]},{"@type":"WebPage","@id":"https:\/\/www.wittib-law.ch\/Anwaltskanzlei-in-zuerich\/anwalt-gesellschaftsrecht-zuerich\/","url":"https:\/\/www.wittib-law.ch\/Anwaltskanzlei-in-zuerich\/anwalt-gesellschaftsrecht-zuerich\/","name":"Anwalt Gesellschaftsrecht in Z\u00fcrich \u2713 Unternehmensrecht \u2713 Vertragsrecht","isPartOf":{"@id":"https:\/\/www.wittib-law.ch\/Anwaltskanzlei-in-zuerich\/#website"},"primaryImageOfPage":{"@id":"https:\/\/www.wittib-law.ch\/Anwaltskanzlei-in-zuerich\/anwalt-gesellschaftsrecht-zuerich\/#primaryimage"},"image":{"@id":"https:\/\/www.wittib-law.ch\/Anwaltskanzlei-in-zuerich\/anwalt-gesellschaftsrecht-zuerich\/#primaryimage"},"thumbnailUrl":"https:\/\/www.wittib-law.ch\/Anwaltskanzlei-in-zuerich\/wp-content\/uploads\/2019\/12\/Screenshot-2019-03-12-10.20.15.png","datePublished":"2020-11-25T18:33:59+00:00","dateModified":"2021-11-02T09:56:27+00:00","description":"Anwalt f\u00fcr Gesellschaftsrecht in Z\u00fcrich \u2713 Beurkundungen \u2713 Gr\u00fcndungen \u2713 Abwicklung von Transaktionen \u2713 Kanzlei f\u00fcr Handels- & Wirtschaftsrecht","breadcrumb":{"@id":"https:\/\/www.wittib-law.ch\/Anwaltskanzlei-in-zuerich\/anwalt-gesellschaftsrecht-zuerich\/#breadcrumb"},"inLanguage":"de","potentialAction":[{"@type":"ReadAction","target":["https:\/\/www.wittib-law.ch\/Anwaltskanzlei-in-zuerich\/anwalt-gesellschaftsrecht-zuerich\/"]}]},{"@type":"ImageObject","inLanguage":"de","@id":"https:\/\/www.wittib-law.ch\/Anwaltskanzlei-in-zuerich\/anwalt-gesellschaftsrecht-zuerich\/#primaryimage","url":"https:\/\/www.wittib-law.ch\/Anwaltskanzlei-in-zuerich\/wp-content\/uploads\/2019\/12\/Screenshot-2019-03-12-10.20.15.png","contentUrl":"https:\/\/www.wittib-law.ch\/Anwaltskanzlei-in-zuerich\/wp-content\/uploads\/2019\/12\/Screenshot-2019-03-12-10.20.15.png","width":1881,"height":677,"caption":"Anwalt Z\u00fcrich Gesellschaftsrecht"},{"@type":"BreadcrumbList","@id":"https:\/\/www.wittib-law.ch\/Anwaltskanzlei-in-zuerich\/anwalt-gesellschaftsrecht-zuerich\/#breadcrumb","itemListElement":[{"@type":"ListItem","position":1,"name":"Home","item":"https:\/\/www.wittib-law.ch\/Anwaltskanzlei-in-zuerich\/"},{"@type":"ListItem","position":2,"name":"Anwalt Gesellschaftsrecht"}]},{"@type":"WebSite","@id":"https:\/\/www.wittib-law.ch\/Anwaltskanzlei-in-zuerich\/#website","url":"https:\/\/www.wittib-law.ch\/Anwaltskanzlei-in-zuerich\/","name":"Ihr Anwalt in Z\u00fcrich","description":"Scheidungsanwalt \/ Anwalt f\u00fcr \u2713 Arbeitsrecht \u2713 Baurecht \u2713 Erbrecht \u2713 Familienrecht \u2713 Mietrecht \u2713 Vertragsrecht \u2713 Verkehrsrecht \u2713 Forderungen, Inkasso | Tel.: +41 (0) 43 545 01 50","publisher":{"@id":"https:\/\/www.wittib-law.ch\/Anwaltskanzlei-in-zuerich\/#organization"},"potentialAction":[{"@type":"SearchAction","target":{"@type":"EntryPoint","urlTemplate":"https:\/\/www.wittib-law.ch\/Anwaltskanzlei-in-zuerich\/?s={search_term_string}"},"query-input":{"@type":"PropertyValueSpecification","valueRequired":true,"valueName":"search_term_string"}}],"inLanguage":"de"},{"@type":["Organization","Place"],"@id":"https:\/\/www.wittib-law.ch\/Anwaltskanzlei-in-zuerich\/#organization","name":"Anwaltskanzlei Zuerich","url":"https:\/\/www.wittib-law.ch\/Anwaltskanzlei-in-zuerich\/","logo":{"@id":"https:\/\/www.wittib-law.ch\/Anwaltskanzlei-in-zuerich\/anwalt-gesellschaftsrecht-zuerich\/#local-main-organization-logo"},"image":{"@id":"https:\/\/www.wittib-law.ch\/Anwaltskanzlei-in-zuerich\/anwalt-gesellschaftsrecht-zuerich\/#local-main-organization-logo"},"sameAs":["https:\/\/www.facebook.com\/Anwalt-f\u00fcr-Familienrech-Arbeitsrecht-und-Scheidungsrecht-Z\u00fcrich-2016470341934582"],"address":{"@id":"https:\/\/www.wittib-law.ch\/Anwaltskanzlei-in-zuerich\/anwalt-gesellschaftsrecht-zuerich\/#local-main-place-address"},"geo":{"@type":"GeoCoordinates","latitude":"47.37554931640625","longitude":"8.53688907623291"},"telephone":["+41435450150"],"openingHoursSpecification":[{"@type":"OpeningHoursSpecification","dayOfWeek":["Monday","Tuesday","Wednesday","Thursday","Friday"],"opens":"08:00","closes":"17:00"},{"@type":"OpeningHoursSpecification","dayOfWeek":["Saturday","Sunday"],"opens":"00:00","closes":"00:00"}],"email":"info@wittib-law.ch"},{"@type":"Person","@id":"https:\/\/www.wittib-law.ch\/Anwaltskanzlei-in-zuerich\/#\/schema\/person\/ec474bcf05847172fd79b7752ef1f99a","name":"admin","image":{"@type":"ImageObject","inLanguage":"de","@id":"https:\/\/secure.gravatar.com\/avatar\/42daca3ba25e2656c8a93581cdf1443d649767a7cbec9c51a67a8fd9baded316?s=96&d=mm&r=g","url":"https:\/\/secure.gravatar.com\/avatar\/42daca3ba25e2656c8a93581cdf1443d649767a7cbec9c51a67a8fd9baded316?s=96&d=mm&r=g","contentUrl":"https:\/\/secure.gravatar.com\/avatar\/42daca3ba25e2656c8a93581cdf1443d649767a7cbec9c51a67a8fd9baded316?s=96&d=mm&r=g","caption":"admin"}},{"@type":"PostalAddress","@id":"https:\/\/www.wittib-law.ch\/Anwaltskanzlei-in-zuerich\/anwalt-gesellschaftsrecht-zuerich\/#local-main-place-address","streetAddress":"L\u00f6wenstrasse 43","addressLocality":"Z\u00fcrich","postalCode":"8001","addressCountry":"CH"},{"@type":"ImageObject","inLanguage":"de","@id":"https:\/\/www.wittib-law.ch\/Anwaltskanzlei-in-zuerich\/anwalt-gesellschaftsrecht-zuerich\/#local-main-organization-logo","url":"https:\/\/www.wittib-law.ch\/Anwaltskanzlei-in-zuerich\/wp-content\/uploads\/2019\/02\/Anwaltskanzlei-Wittibschlager.jpg","contentUrl":"https:\/\/www.wittib-law.ch\/Anwaltskanzlei-in-zuerich\/wp-content\/uploads\/2019\/02\/Anwaltskanzlei-Wittibschlager.jpg","width":555,"height":176,"caption":"Anwaltskanzlei Zuerich"},{"@context":"https:\/\/schema.org\/","@type":"CreativeWorkSeries","name":"Anwalt Gesellschaftsrecht","description":"","image":{"@type":"ImageObject","url":"https:\/\/www.wittib-law.ch\/Anwaltskanzlei-in-zuerich\/wp-content\/uploads\/2019\/12\/Screenshot-2019-03-12-10.20.15.png","width":1881,"height":677},"aggregateRating":{"@type":"AggregateRating","ratingValue":4.9,"ratingCount":139,"bestRating":5,"worstRating":1}}]},"geo.placename":"Z\u00fcrich","geo.position":{"lat":"47.37554931640625","long":"8.53688907623291"},"geo.region":"Schweiz"},"_links":{"self":[{"href":"https:\/\/www.wittib-law.ch\/Anwaltskanzlei-in-zuerich\/wp-json\/wp\/v2\/posts\/4437","targetHints":{"allow":["GET"]}}],"collection":[{"href":"https:\/\/www.wittib-law.ch\/Anwaltskanzlei-in-zuerich\/wp-json\/wp\/v2\/posts"}],"about":[{"href":"https:\/\/www.wittib-law.ch\/Anwaltskanzlei-in-zuerich\/wp-json\/wp\/v2\/types\/post"}],"author":[{"embeddable":true,"href":"https:\/\/www.wittib-law.ch\/Anwaltskanzlei-in-zuerich\/wp-json\/wp\/v2\/users\/1"}],"replies":[{"embeddable":true,"href":"https:\/\/www.wittib-law.ch\/Anwaltskanzlei-in-zuerich\/wp-json\/wp\/v2\/comments?post=4437"}],"version-history":[{"count":42,"href":"https:\/\/www.wittib-law.ch\/Anwaltskanzlei-in-zuerich\/wp-json\/wp\/v2\/posts\/4437\/revisions"}],"predecessor-version":[{"id":7881,"href":"https:\/\/www.wittib-law.ch\/Anwaltskanzlei-in-zuerich\/wp-json\/wp\/v2\/posts\/4437\/revisions\/7881"}],"wp:featuredmedia":[{"embeddable":true,"href":"https:\/\/www.wittib-law.ch\/Anwaltskanzlei-in-zuerich\/wp-json\/wp\/v2\/media\/634"}],"wp:attachment":[{"href":"https:\/\/www.wittib-law.ch\/Anwaltskanzlei-in-zuerich\/wp-json\/wp\/v2\/media?parent=4437"}],"wp:term":[{"taxonomy":"category","embeddable":true,"href":"https:\/\/www.wittib-law.ch\/Anwaltskanzlei-in-zuerich\/wp-json\/wp\/v2\/categories?post=4437"},{"taxonomy":"post_tag","embeddable":true,"href":"https:\/\/www.wittib-law.ch\/Anwaltskanzlei-in-zuerich\/wp-json\/wp\/v2\/tags?post=4437"}],"curies":[{"name":"wp","href":"https:\/\/api.w.org\/{rel}","templated":true}]}}