[{"@context":"https:\/\/schema.org\/","@type":"Article","@id":"https:\/\/www.wittib-law.ch\/Anwaltskanzlei-in-zuerich\/arbeitsrecht\/haftung-des-arbeitnehmers\/#Article","mainEntityOfPage":"https:\/\/www.wittib-law.ch\/Anwaltskanzlei-in-zuerich\/arbeitsrecht\/haftung-des-arbeitnehmers\/","headline":"Haftung des Arbeitnehmers","name":"Haftung des Arbeitnehmers","description":"Der Arbeitnehmer ist f\u00fcr den Schaden verantwortlich, den er dem Arbeitgeber absichtlich oder fahrl\u00e4ssig zuf\u00fcgt. Das Mass der Sorgfalt bestimmt sich unter Ber\u00fccksichtigung des Berufsrisikos, des Bildungsgrades oder der Fachkenntnisse. Rechtsanw\u00e4lteInhaberin und Anw\u00e4ltin S. WittibschlagerMeine Kanzlei hat ihren Sitz im Herzen von\u00a0Z\u00fcrich.\u00a0Als Rechtsanw\u00e4ltin mit der Anwaltszulassung in Deutschland und der Schweiz \u00fcbernehme ich gerne Ihre [&hellip;]","datePublished":"2020-12-23","dateModified":"2020-12-25","author":{"@type":"Person","@id":"https:\/\/www.wittib-law.ch\/Anwaltskanzlei-in-zuerich\/author\/anwalt-zuerich\/#Person","name":"admin","url":"https:\/\/www.wittib-law.ch\/Anwaltskanzlei-in-zuerich\/author\/anwalt-zuerich\/","identifier":1,"image":{"@type":"ImageObject","@id":"https:\/\/secure.gravatar.com\/avatar\/42daca3ba25e2656c8a93581cdf1443d649767a7cbec9c51a67a8fd9baded316?s=96&d=mm&r=g","url":"https:\/\/secure.gravatar.com\/avatar\/42daca3ba25e2656c8a93581cdf1443d649767a7cbec9c51a67a8fd9baded316?s=96&d=mm&r=g","height":96,"width":96}},"publisher":{"@type":"Organization","name":"Anwaltskanzlei Wittibschlager","logo":{"@type":"ImageObject","@id":"https:\/\/www.wittib-law.ch\/Anwaltskanzlei-in-zuerich\/wp-content\/uploads\/2019\/02\/Anwaltskanzlei-Wittibschlager.jpg","url":"https:\/\/www.wittib-law.ch\/Anwaltskanzlei-in-zuerich\/wp-content\/uploads\/2019\/02\/Anwaltskanzlei-Wittibschlager.jpg","width":555,"height":176}},"image":{"@type":"ImageObject","@id":"https:\/\/www.wittib-law.ch\/Anwaltskanzlei-in-zuerich\/wp-content\/uploads\/2020\/11\/Bildschirmfoto-2020-12-03-um-15.09.24.png","url":"https:\/\/www.wittib-law.ch\/Anwaltskanzlei-in-zuerich\/wp-content\/uploads\/2020\/11\/Bildschirmfoto-2020-12-03-um-15.09.24.png","height":"","width":""},"url":"https:\/\/www.wittib-law.ch\/Anwaltskanzlei-in-zuerich\/arbeitsrecht\/haftung-des-arbeitnehmers\/"},{"@context":"https:\/\/schema.org","@type":"BreadcrumbList","@id":"https:\/\/www.wittib-law.ch\/Anwaltskanzlei-in-zuerich\/arbeitsrecht\/haftung-des-arbeitnehmers\/#BreadcrumbList","itemListElement":[{"@type":"ListItem","position":1,"name":"Arbeitsrecht","item":"https:\/\/www.wittib-law.ch\/Anwaltskanzlei-in-zuerich\/arbeitsrecht\/#breadcrumbitem"},{"@type":"ListItem","position":2,"name":"Haftung des Arbeitnehmers","item":"https:\/\/www.wittib-law.ch\/Anwaltskanzlei-in-zuerich\/arbeitsrecht\/haftung-des-arbeitnehmers\/#breadcrumbitem"}]}]