[{"@context":"https:\/\/schema.org\/","@type":"Article","@id":"https:\/\/www.wittib-law.ch\/Anwaltskanzlei-in-zuerich\/arbeitsrecht\/ferien\/#Article","mainEntityOfPage":"https:\/\/www.wittib-law.ch\/Anwaltskanzlei-in-zuerich\/arbeitsrecht\/ferien\/","headline":"Ferien","name":"Ferien","description":"Es gibt keine Arbeitnehmer ohne Ferienanspruch! Den Zeitpunkt der Ferien bestimmt der Arbeitgeber, der aber auf W\u00fcnsche des Arbeitnehmers soweit als m\u00f6glich R\u00fccksicht nehmen muss. Alle unselbst\u00e4ndig Erwerbst\u00e4tigen haben vier Wochen bezahlte Ferien zu gut. Jugendliche bis zum 20. Geburtstag d\u00fcrfen sich w\u00e4hrend f\u00fcnf Wochen erholen. In der Praxis sollten mindestens zwei Wochen der Ferien [&hellip;]","datePublished":"2020-12-23","dateModified":"2020-12-25","author":{"@type":"Person","@id":"https:\/\/www.wittib-law.ch\/Anwaltskanzlei-in-zuerich\/author\/anwalt-zuerich\/#Person","name":"admin","url":"https:\/\/www.wittib-law.ch\/Anwaltskanzlei-in-zuerich\/author\/anwalt-zuerich\/","identifier":1,"image":{"@type":"ImageObject","@id":"https:\/\/secure.gravatar.com\/avatar\/42daca3ba25e2656c8a93581cdf1443d649767a7cbec9c51a67a8fd9baded316?s=96&d=mm&r=g","url":"https:\/\/secure.gravatar.com\/avatar\/42daca3ba25e2656c8a93581cdf1443d649767a7cbec9c51a67a8fd9baded316?s=96&d=mm&r=g","height":96,"width":96}},"publisher":{"@type":"Organization","name":"Anwaltskanzlei Wittibschlager","logo":{"@type":"ImageObject","@id":"https:\/\/www.wittib-law.ch\/Anwaltskanzlei-in-zuerich\/wp-content\/uploads\/2019\/02\/Anwaltskanzlei-Wittibschlager.jpg","url":"https:\/\/www.wittib-law.ch\/Anwaltskanzlei-in-zuerich\/wp-content\/uploads\/2019\/02\/Anwaltskanzlei-Wittibschlager.jpg","width":555,"height":176}},"image":{"@type":"ImageObject","@id":"https:\/\/www.wittib-law.ch\/Anwaltskanzlei-in-zuerich\/wp-content\/uploads\/2020\/11\/Bildschirmfoto-2020-12-03-um-15.09.24.png","url":"https:\/\/www.wittib-law.ch\/Anwaltskanzlei-in-zuerich\/wp-content\/uploads\/2020\/11\/Bildschirmfoto-2020-12-03-um-15.09.24.png","height":"","width":""},"url":"https:\/\/www.wittib-law.ch\/Anwaltskanzlei-in-zuerich\/arbeitsrecht\/ferien\/"},{"@context":"https:\/\/schema.org","@type":"BreadcrumbList","@id":"https:\/\/www.wittib-law.ch\/Anwaltskanzlei-in-zuerich\/arbeitsrecht\/ferien\/#BreadcrumbList","itemListElement":[{"@type":"ListItem","position":1,"name":"Arbeitsrecht","item":"https:\/\/www.wittib-law.ch\/Anwaltskanzlei-in-zuerich\/arbeitsrecht\/#breadcrumbitem"},{"@type":"ListItem","position":2,"name":"Ferien","item":"https:\/\/www.wittib-law.ch\/Anwaltskanzlei-in-zuerich\/arbeitsrecht\/ferien\/#breadcrumbitem"}]}]